{"id":986,"date":"2025-09-12T00:50:07","date_gmt":"2025-09-12T03:50:07","guid":{"rendered":"https:\/\/ccnamazonia.com.br\/?p=986"},"modified":"2025-09-12T00:50:07","modified_gmt":"2025-09-12T03:50:07","slug":"gabriel-guedes-apresenta-o-ep-o-amor-que-encontrei-com-clipe-gravado-no-estadio-do-morumbis","status":"publish","type":"post","link":"https:\/\/ccnamazonia.com.br\/?p=986","title":{"rendered":"Gabriel Guedes apresenta o EP \u201cO Amor Que Encontrei\u201d, com clipe gravado no Est\u00e1dio do MorumBis"},"content":{"rendered":"<p>Com mais de 4 milh\u00f5es de ouvintes mensais no Spotify, Gabriel Guedes apresenta o EP \u201cO Amor Que Encontrei\u201d, que representa uma virada de chave em sua carreira. Conhecido por can\u00e7\u00f5es com um estilo mais voltado para as igrejas, como \u201cSanto Pra Sempre\u201d, \u201cA B\u00ean\u00e7\u00e3o\u201d e \u201cVitorioso \u00c9s\u201d, o artista resolveu apostar em sons mais ousados, como R&amp;B, afrobeat e reggaeton, em seu novo projeto pela Onimusic.<\/p>\n<p>&#8211; A maioria das m\u00fasicas fala sobre uma busca ou sobre momentos de escurid\u00e3o, mas sempre existe aquele encontro que traz alegria e transforma a vida: o amor de Jesus. Essa \u00e9 a mensagem de \u201cO Amor Que Encontrei\u201d, que se reflete em todas as outras can\u00e7\u00f5es e se torna o tema central do projeto &#8211; explica Gabriel Guedes.<\/p>\n<p>Com seis faixas, o p\u00fablico j\u00e1 p\u00f4de conferir as can\u00e7\u00f5es \u201cS\u00ea Forte\u201d, \u201cO Amor Que Encontrei\u201d e \u201cMe Alegrar\u201d, que somam mais de 700 mil plays no Spotify e mais de 800 mil views no YouTube e j\u00e1 fazem parte do repert\u00f3rio das apresenta\u00e7\u00f5es de Gabriel nas igrejas.<\/p>\n<p>&#8211; \u201cO Amor Que Encontrei\u201d e \u201cMe Alegrar\u201d t\u00eam sido muito especiais para a gente como banda, porque nos permitem cantar can\u00e7\u00f5es mais animadas e com ritmos diferentes. \u00c9 bonito ver crian\u00e7as e pessoas mais desinibidas dan\u00e7ando e se entregando \u00e0 m\u00fasica. Muita gente ainda me associa apenas a um ministro de louvor de m\u00fasicas congregacionais, ent\u00e3o essas faixas acabam surpreendendo algumas pessoas. J\u00e1 em \u2018S\u00ea Forte\u2019, tenho buscado relacionar a can\u00e7\u00e3o ao testemunho do meu pai. Durante a ministra\u00e7\u00e3o, falo sobre o poder de Deus para curar e realizar milagres. Esse tem sido um momento em que muitos se emocionam e levam consigo uma semente de esperan\u00e7a, lembrando que as causas imposs\u00edveis t\u00eam solu\u00e7\u00e3o em Jesus &#8211; resume o cantor.<br \/>\nSobre as tr\u00eas novas can\u00e7\u00f5es do EP, um dos destaques fica para o reggaeton \u201cMais Rico do Mundo\u201d, vers\u00e3o de \u201cM\u00e1s Rico del Mundo\u201d, do cantor americano Evan Craft. A faixa ganhou um videoclipe j\u00e1 dispon\u00edvel no canal de Gabriel Guedes no YouTube. S\u00e3o-paulino de cora\u00e7\u00e3o, o clipe traz imagens gravadas no Est\u00e1dio do MorumBis, em S\u00e3o Paulo, e foi dirigido pela produtora Edifica Produ\u00e7\u00f5es.<\/p>\n<p>&#8211; O clipe passa por diversos cen\u00e1rios, e um deles \u00e9 o Est\u00e1dio do MorumBis. A letra da m\u00fasica diz: &#8220;Talvez eu n\u00e3o encha est\u00e1dios \/ Talvez nunca me ou\u00e7am na r\u00e1dio \/ N\u00e3o tenha Ferrari nem Rolex caro \/ Minha fam\u00edlia e Cristo me bastam&#8221;. Isso d\u00e1 o contexto de que n\u00e3o preciso encher est\u00e1dios para ser feliz ou ser o cara mais rico do mundo, porque tenho a Cristo e isso \u00e9 o suficiente. Eu e meu pai somos s\u00e3o-paulinos, costumo ir ao MorumBis para assistir aos jogos, e da\u00ed surgiu a ideia de gravar essa parte l\u00e1. Parecia imposs\u00edvel, mas entrei em contato com um jogador conhecido e, poucos dias depois, recebi uma mensagem de um dos gestores do clube me convidando para conhecer o est\u00e1dio e a libera\u00e7\u00e3o aconteceu. J\u00e1 tive a oportunidade de ministrar no MorumBis durante o The Send Brasil em 2020, mas entrar ali vazio foi in\u00e9dito para mim. Ver a grandiosidade daquele espa\u00e7o de um jeito diferente e poder registrar esse momento no videoclipe foi realmente um privil\u00e9gio &#8211; detalha o artista.<\/p>\n<p><strong>HOMENAGEM AO AV\u00d4 E RESGATE DOS CL\u00c1SSICOS<\/strong><\/p>\n<p>Completando o repert\u00f3rio do EP, a faixa que abre o projeto \u00e9 a \u201cTodos Devem Conhecer\u201d, que \u00e9 uma m\u00fasica antiga e que era muito cantada pelo av\u00f4 de Gabriel e acabou sendo uma forma tamb\u00e9m de homenage\u00e1-lo no projeto.<\/p>\n<p>&#8211; Eu tive a ideia de fazer a abertura do \u00e1lbum com esse interl\u00fadio que come\u00e7a com um som de um tocador de fita antigo e da\u00ed eu canto o verso e o refr\u00e3o. \u00c9 bem simples, mas com uma sonoridade antiga, com aquele ru\u00eddo de fita. Minha m\u00e3e me contou que meu av\u00f4 pegava o viol\u00e3o e os filhos j\u00e1 corriam para adorar a Deus com essa can\u00e7\u00e3o. Ent\u00e3o, escolhi fazer essa homenagem e trazer a mem\u00f3ria da minha m\u00e3e daquilo que meu av\u00f4 fazia h\u00e1 muitos anos.<\/p>\n<p>Fechando o repert\u00f3rio, Guedes traz o afrobeat \u201cCanto Aleluia\u201d. Apesar da sonoridade moderna, a m\u00fasica traz um medley com dois cl\u00e1ssicos do Cantor Crist\u00e3o, que s\u00e3o \u201cSou Feliz\u201d e \u201cSanto\u201d<\/p>\n<p>&#8211; \u201cCanto Aleluia\u201d \u00e9 a m\u00fasica \u201cculpada\u201d por esse projeto inteiro. Eu j\u00e1 tinha o esbo\u00e7o dela h\u00e1 uns tr\u00eas anos, e foi justamente ela que despertou a ideia de fazer um \u00e1lbum mais pop. No processo, usamos um efeito de talkbox para robotizar minha voz em um trecho de \u2018Sou Feliz\u2019, e encerramos com o instrumental do hino \u2018Santo\u2019, naquele momento que diz: \u2018Eras, sempre \u00c9s e h\u00e1s de ser Senhor\u2019\u201d &#8211; detalha o m\u00fasico.<\/p>\n<p><strong>MIX DE ESTILOS E EXPANS\u00c3O DO PROJETO<\/strong><\/p>\n<p>Explorando bem a versatilidade musical do projeto, Gabriel Guedes conta que recebeu apoio de v\u00e1rias pessoas para trazer toda essa bagagem musical no EP \u201cO Amor Que Encontrei\u201d.<\/p>\n<p>&#8211; Fora do Brasil, muitos cantores mant\u00eam carreiras consolidadas em um estilo espec\u00edfico, mas tamb\u00e9m lan\u00e7am projetos alternativos paralelamente. \u00c9 um movimento que amplia as possibilidades art\u00edsticas. \u00c0 medida que mais artistas seguirem esse caminho, haver\u00e1 cada vez mais espa\u00e7o para explorar diferentes roupagens, ritmos e g\u00eaneros dentro de um mesmo \u00e1lbum.<\/p>\n<p>Sobre planos e projetos futuros, Guedes pretende investir na divulga\u00e7\u00e3o do EP \u201cO Amor Que Encontrei\u201d, mas adianta uma novidade ainda para este ano.<\/p>\n<p>&#8211; A gente vai trabalhar o EP at\u00e9 o come\u00e7o do ano que vem, mas j\u00e1 posso adiantar que antes de 2026 haver\u00e1 uma pequena novidade relacionada ao projeto, como um b\u00f4nus ao \u00e1lbum. J\u00e1 para o pr\u00f3ximo ano, o p\u00fablico pode esperar algo mais congregacional, dentro daquilo que venho construindo at\u00e9 aqui &#8211; finaliza o cantor.<\/p>\n<p><iframe loading=\"lazy\" title=\"Mais Rico do Mundo (Clipe Oficial) - Gabriel Guedes\" width=\"640\" height=\"360\" src=\"https:\/\/www.youtube.com\/embed\/gvK-JcIYxzo?feature=oembed\" frameborder=\"0\" allow=\"accelerometer; autoplay; clipboard-write; encrypted-media; gyroscope; picture-in-picture; web-share\" referrerpolicy=\"strict-origin-when-cross-origin\" allowfullscreen><\/iframe><\/p>\n","protected":false},"excerpt":{"rendered":"<p>Com mais de 4 milh\u00f5es de ouvintes mensais no Spotify, Gabriel Guedes apresenta o EP \u201cO Amor Que Encontrei\u201d, que&hellip;<\/p>\n","protected":false},"author":4,"featured_media":987,"comment_status":"open","ping_status":"open","sticky":false,"template":"","format":"standard","meta":{"footnotes":""},"categories":[1],"tags":[70,277,71,72],"class_list":["post-986","post","type-post","status-publish","format-standard","has-post-thumbnail","hentry","category-blog","tag-gabriel-guedes","tag-mais-rico-do-mundo","tag-o-amor-que-encontrei","tag-onimusic"],"aioseo_notices":[],"jetpack_featured_media_url":"https:\/\/ccnamazonia.com.br\/wp-content\/uploads\/2025\/09\/Gabriel-Guedes-scaled.jpg","_links":{"self":[{"href":"https:\/\/ccnamazonia.com.br\/index.php?rest_route=\/wp\/v2\/posts\/986","targetHints":{"allow":["GET"]}}],"collection":[{"href":"https:\/\/ccnamazonia.com.br\/index.php?rest_route=\/wp\/v2\/posts"}],"about":[{"href":"https:\/\/ccnamazonia.com.br\/index.php?rest_route=\/wp\/v2\/types\/post"}],"author":[{"embeddable":true,"href":"https:\/\/ccnamazonia.com.br\/index.php?rest_route=\/wp\/v2\/users\/4"}],"replies":[{"embeddable":true,"href":"https:\/\/ccnamazonia.com.br\/index.php?rest_route=%2Fwp%2Fv2%2Fcomments&post=986"}],"version-history":[{"count":1,"href":"https:\/\/ccnamazonia.com.br\/index.php?rest_route=\/wp\/v2\/posts\/986\/revisions"}],"predecessor-version":[{"id":988,"href":"https:\/\/ccnamazonia.com.br\/index.php?rest_route=\/wp\/v2\/posts\/986\/revisions\/988"}],"wp:featuredmedia":[{"embeddable":true,"href":"https:\/\/ccnamazonia.com.br\/index.php?rest_route=\/wp\/v2\/media\/987"}],"wp:attachment":[{"href":"https:\/\/ccnamazonia.com.br\/index.php?rest_route=%2Fwp%2Fv2%2Fmedia&parent=986"}],"wp:term":[{"taxonomy":"category","embeddable":true,"href":"https:\/\/ccnamazonia.com.br\/index.php?rest_route=%2Fwp%2Fv2%2Fcategories&post=986"},{"taxonomy":"post_tag","embeddable":true,"href":"https:\/\/ccnamazonia.com.br\/index.php?rest_route=%2Fwp%2Fv2%2Ftags&post=986"}],"curies":[{"name":"wp","href":"https:\/\/api.w.org\/{rel}","templated":true}]}}