{"id":933,"date":"2025-09-03T20:36:51","date_gmt":"2025-09-03T23:36:51","guid":{"rendered":"https:\/\/ccnamazonia.com.br\/?p=933"},"modified":"2025-09-03T20:36:51","modified_gmt":"2025-09-03T23:36:51","slug":"gabriel-simoes-estreia-no-cenario-musical-com-a-cancao-autoral-eu-irei","status":"publish","type":"post","link":"https:\/\/ccnamazonia.com.br\/?p=933","title":{"rendered":"Gabriel Sim\u00f5es estreia no cen\u00e1rio musical com a can\u00e7\u00e3o autoral \u201cEu Irei\u201d"},"content":{"rendered":"<p>Depois de anos dedicados \u00e0 fam\u00edlia, ao trabalho e \u00e0 igreja local, o cantor e compositor Gabriel Sim\u00f5es d\u00e1 um novo e importante passo em sua trajet\u00f3ria com o lan\u00e7amento de sua primeira m\u00fasica de trabalho. Intitulado \u201cEu Irei\u201d, o single \u00e9 de autoria do artista e \u00e9 Inspirado por Isa\u00edas 61, o mesmo texto lido por Jesus no in\u00edcio de seu minist\u00e9rio.<\/p>\n<p>&#8211; \u201cEu Irei\u201d nasceu como uma declara\u00e7\u00e3o de coragem em meio a tempos de comodismo e indiferen\u00e7a espiritual. Minha mensagem \u00e9 de urg\u00eancia! Quero despertar as pessoas a sa\u00edrem do sof\u00e1, da mesmice, e a se levantarem para viver e anunciar o Evangelho com responsabilidade e zelo &#8211; afirma Gabriel.<\/p>\n<p>Filho de pastores, Gabriel cresceu cercado por m\u00fasica. Desde cedo, aprendeu viol\u00e3o e contrabaixo, serviu no minist\u00e9rio de louvor e come\u00e7ou a compor ainda na adolesc\u00eancia. Apesar de ter seguido carreira na engenharia civil, a m\u00fasica nunca deixou de pulsar em seu cora\u00e7\u00e3o. Em 2023, um convite para voltar a servir no louvor reacendeu algo mais profundo.<\/p>\n<p>&#8211; Eu entrei para o minist\u00e9rio de louvor da igreja e, logo depois, o Esp\u00edrito Santo come\u00e7ou a me lembrar da minha juventude, quando eu tocava e compunha. Foi ent\u00e3o que senti claramente que Deus estava me chamando de volta. Eu entendi que n\u00e3o era s\u00f3 Gabriel pai de fam\u00edlia, mas tamb\u00e9m Gabriel m\u00fasico &#8211; compartilha o artista.<\/p>\n<p>Para seu primeiro lan\u00e7amento, Gabriel Sim\u00f5es chamou Felipe Eubank, produtor musical do fhop music, para dar o tom certo ao projeto, que carrega influ\u00eancias do pop, do rock e do worship. Felipe tamb\u00e9m toca a guitarra da m\u00fasica ao lado do baixista Lucas Mour\u00e3o e do baterista Gabriel Nogueira. J\u00e1 a mixagem e masteriza\u00e7\u00e3o fica a cargo de Marcos Woitowitz, que tamb\u00e9m \u00e9 produtor do fhop music.<\/p>\n<p>&#8211; Eu fiquei muito feliz com o resultado. Trouxemos uma m\u00fasica pulsante, de refr\u00e3o f\u00e1cil e uma declara\u00e7\u00e3o real. Consigo imaginar muitos jovens cantando em alta voz: \u201cEu irei! Eu irei, Senhor!\u201d, comenta Gabriel, que se inspira em artistas como Adhemar de Campos, Davi Sacer, Hillsong United, Brandon Lake e John Mayer.<\/p>\n<p>Casado e pai de cinco filhos, Gabriel Sim\u00f5es congrega na Igreja Centro Internacional de Avivamento (CIA), em Maring\u00e1, no Paran\u00e1. Al\u00e9m de liderar uma c\u00e9lula, o cantor tamb\u00e9m atua como mission\u00e1rio no projeto Miss\u00e3o Sertanejo Evangelizado. Mais do que iniciar uma carreira, Gabriel quer usar sua voz para encorajar pessoas a viverem o Evangelho de forma pr\u00e1tica.<\/p>\n<p>&#8211; Quero ser eu mesmo, sem capa, sem armadura, sem fantasia. Quero levar as pessoas a fazerem algo realmente valioso com sua vida. Deus \u00e9 o Deus da a\u00e7\u00e3o, n\u00e3o da passividade. Ele nos deixou uma responsabilidade e a hora de dizer \u201cEu Irei\u201d \u00e9 agora! &#8211; afirma Gabriel.<\/p>\n<p><iframe loading=\"lazy\" title=\"Gabriel Sim\u00f5es - Eu Irei\" width=\"640\" height=\"360\" src=\"https:\/\/www.youtube.com\/embed\/tKkdLJArGfk?feature=oembed\" frameborder=\"0\" allow=\"accelerometer; autoplay; clipboard-write; encrypted-media; gyroscope; picture-in-picture; web-share\" referrerpolicy=\"strict-origin-when-cross-origin\" allowfullscreen><\/iframe><\/p>\n","protected":false},"excerpt":{"rendered":"<p>Depois de anos dedicados \u00e0 fam\u00edlia, ao trabalho e \u00e0 igreja local, o cantor e compositor Gabriel Sim\u00f5es d\u00e1 um&hellip;<\/p>\n","protected":false},"author":4,"featured_media":934,"comment_status":"open","ping_status":"open","sticky":false,"template":"","format":"standard","meta":{"footnotes":""},"categories":[1],"tags":[262,263,256,261],"class_list":["post-933","post","type-post","status-publish","format-standard","has-post-thumbnail","hentry","category-blog","tag-eu-irei","tag-felipe-eubank","tag-fhop-music","tag-gabriel-simoes"],"aioseo_notices":[],"jetpack_featured_media_url":"https:\/\/ccnamazonia.com.br\/wp-content\/uploads\/2025\/09\/Gabriel-Simoes-scaled.jpg","_links":{"self":[{"href":"https:\/\/ccnamazonia.com.br\/index.php?rest_route=\/wp\/v2\/posts\/933","targetHints":{"allow":["GET"]}}],"collection":[{"href":"https:\/\/ccnamazonia.com.br\/index.php?rest_route=\/wp\/v2\/posts"}],"about":[{"href":"https:\/\/ccnamazonia.com.br\/index.php?rest_route=\/wp\/v2\/types\/post"}],"author":[{"embeddable":true,"href":"https:\/\/ccnamazonia.com.br\/index.php?rest_route=\/wp\/v2\/users\/4"}],"replies":[{"embeddable":true,"href":"https:\/\/ccnamazonia.com.br\/index.php?rest_route=%2Fwp%2Fv2%2Fcomments&post=933"}],"version-history":[{"count":1,"href":"https:\/\/ccnamazonia.com.br\/index.php?rest_route=\/wp\/v2\/posts\/933\/revisions"}],"predecessor-version":[{"id":935,"href":"https:\/\/ccnamazonia.com.br\/index.php?rest_route=\/wp\/v2\/posts\/933\/revisions\/935"}],"wp:featuredmedia":[{"embeddable":true,"href":"https:\/\/ccnamazonia.com.br\/index.php?rest_route=\/wp\/v2\/media\/934"}],"wp:attachment":[{"href":"https:\/\/ccnamazonia.com.br\/index.php?rest_route=%2Fwp%2Fv2%2Fmedia&parent=933"}],"wp:term":[{"taxonomy":"category","embeddable":true,"href":"https:\/\/ccnamazonia.com.br\/index.php?rest_route=%2Fwp%2Fv2%2Fcategories&post=933"},{"taxonomy":"post_tag","embeddable":true,"href":"https:\/\/ccnamazonia.com.br\/index.php?rest_route=%2Fwp%2Fv2%2Ftags&post=933"}],"curies":[{"name":"wp","href":"https:\/\/api.w.org\/{rel}","templated":true}]}}