{"id":83,"date":"2024-11-29T16:29:34","date_gmt":"2024-11-29T19:29:34","guid":{"rendered":"https:\/\/ccnamazonia.com.br\/?p=83"},"modified":"2024-12-24T17:03:52","modified_gmt":"2024-12-24T20:03:52","slug":"iva-guimaraes-lanca-nova-cancao-aleluia-o-salvador-venceu-pela-bless-music","status":"publish","type":"post","link":"https:\/\/ccnamazonia.com.br\/?p=83","title":{"rendered":"Iva Guimar\u00e3es lan\u00e7a nova can\u00e7\u00e3o \u201cAleluia, O Salvador Venceu\u201d pela Bless Music"},"content":{"rendered":"<p>No dia 29 de novembro, o cantor Iva Guimar\u00e3es lan\u00e7a sua mais nova m\u00fasica, \u201cAleluia, O Salvador Venceu\u201d, pela gravadora Bless Music. A can\u00e7\u00e3o, que carrega uma mensagem profunda de vit\u00f3ria e reden\u00e7\u00e3o, surge em um momento significativo da carreira do cantor e compositor.<\/p>\n<p>Iva, que comp\u00f4s a m\u00fasica durante um culto de Santa Ceia, compartilha com emo\u00e7\u00e3o que a inspira\u00e7\u00e3o veio de um momento espont\u00e2neo e tocante, em que sentiu a presen\u00e7a de Deus de maneira marcante. \u201cA letra surgiu ali, no calor daquele momento, e expressa a vit\u00f3ria de Cristo sobre a morte\u201d, revela. O cantor ainda descreve que a experi\u00eancia de criar e receber a can\u00e7\u00e3o foi \u00fanica. \u201cA forma como recebi essa can\u00e7\u00e3o, foi sem d\u00favida a mais incr\u00edvel\u201d, comenta.<\/p>\n<p>A trajet\u00f3ria de Iva Guimar\u00e3es na m\u00fasica gospel come\u00e7ou ainda muito cedo. Desde os 5 anos de idade, ele cantava em congressos infantis e de adolescentes. Ao longo dos anos, seguiu se apresentando em diversos eventos at\u00e9 enfrentar uma fase dif\u00edcil espiritualmente, aos 15 anos, quando precisou dar uma pausa na m\u00fasica. Contudo, ap\u00f3s um encontro transformador com Jesus, Iva retornou com for\u00e7a total, com uma nova vis\u00e3o sobre o que \u00e9 ser ministro e a miss\u00e3o de levar a mensagem de f\u00e9 atrav\u00e9s da m\u00fasica.<\/p>\n<p>A produ\u00e7\u00e3o musical ficou a cargo de Tiago Xavier, um mestre da produ\u00e7\u00e3o musical que, segundo Iva, conseguiu captar perfeitamente a ess\u00eancia da can\u00e7\u00e3o. \u201cQuem a produziu foi um mestre da produ\u00e7\u00e3o que externa exatamente o que nossa alma deseja compartilhar com o mundo\u201d, comenta o cantor, destacando a parceria com o produtor como uma parte essencial do resultado da m\u00fasica. A can\u00e7\u00e3o, que mistura rock alternativo e elementos de worship com uma sonoridade clean e marcante, reflete a for\u00e7a e intensidade de sua mensagem, ao mesmo tempo em que mant\u00e9m uma base instrumental forte e envolvente.<\/p>\n<p>O videoclipe de \u201cAleluia, O Salvador Venceu\u201d tamb\u00e9m foi um marco para Iva. A grava\u00e7\u00e3o foi uma experi\u00eancia que ele define como \u201cinexplic\u00e1vel\u201d, com momentos intensos de presen\u00e7a espiritual. \u201cQuando a grava\u00e7\u00e3o terminou, eu n\u00e3o consegui parar de chorar e falar em l\u00ednguas. Foi um momento de muita emo\u00e7\u00e3o\u201d, relata. Para ele, ouvir o som da igreja cantando ao final da grava\u00e7\u00e3o \u00e9 algo que ficar\u00e1 para sempre em sua mem\u00f3ria.<\/p>\n<p>A m\u00fasica traz consigo uma mensagem clara e poderosa sobre o evangelho. \u201c\u00c9 o evangelho verdadeiro, onde Jesus \u00e9 o centro de tudo. Ele foi morto, ressuscitou e reina em nossos cora\u00e7\u00f5es. Essa \u00e9 a mensagem que quero compartilhar com o mundo\u201d, afirma Iva.<\/p>\n<p>OU\u00c7A NAS PLATAFORMAS DIGITAIS<br \/>\nhttps:\/\/onerpm.link\/AleluiaOSalvadorVenceu<\/p>\n<p>ASSISTA AO CLIPE<br \/>\n<iframe loading=\"lazy\" title=\"Iva Guimar\u00e3es | ALELUIA, O SALVADOR VENCEU (Clipe Oficial)\" width=\"640\" height=\"360\" src=\"https:\/\/www.youtube.com\/embed\/JbsSKUPA8XY?feature=oembed\" frameborder=\"0\" allow=\"accelerometer; autoplay; clipboard-write; encrypted-media; gyroscope; picture-in-picture; web-share\" referrerpolicy=\"strict-origin-when-cross-origin\" allowfullscreen><\/iframe><\/p>\n<p>\u25b7 SIGA IVA GUIMAR\u00c3ES<br \/>\n\u25ba https:\/\/www.instagram.com\/ivaguimaraesofc\/<br \/>\n\u25ba https:\/\/www.tiktok.com\/@iva.guimaraesofc\/<br \/>\n\u25ba https:\/\/www.youtube.com\/@ivaguimaraesofc\/<\/p>\n<p>\u25b7 SIGA BLESS MUSIC<\/p>\n<blockquote class=\"wp-embedded-content\" data-secret=\"knWVVIrhUk\"><p><a href=\"https:\/\/blessmusic.com.br\/\">Home<\/a><\/p><\/blockquote>\n<p><iframe loading=\"lazy\" class=\"wp-embedded-content\" sandbox=\"allow-scripts\" security=\"restricted\" style=\"position: absolute; visibility: hidden;\" title=\"&#8220;Home&#8221; &#8212; Bless Music\" src=\"https:\/\/blessmusic.com.br\/embed\/#?secret=QdXPE05M03#?secret=knWVVIrhUk\" data-secret=\"knWVVIrhUk\" width=\"600\" height=\"338\" frameborder=\"0\" marginwidth=\"0\" marginheight=\"0\" scrolling=\"no\"><\/iframe><br \/>\nhttps:\/\/instagram.com\/blessmusicoficial\/<\/p>\n<p>\u25b7 COMUNICA\u00c7\u00c3O E IMPRENSA: Ag\u00eancia Infinit<br \/>\n\u25ba https:\/\/instagram.com\/agenciainfinit\/<br \/>\n\u25ba https:\/\/www.agenciainfinit.com\/<\/p>\n","protected":false},"excerpt":{"rendered":"<p>No dia 29 de novembro, o cantor Iva Guimar\u00e3es lan\u00e7a sua mais nova m\u00fasica, \u201cAleluia, O Salvador Venceu\u201d, pela gravadora&hellip;<\/p>\n","protected":false},"author":3,"featured_media":84,"comment_status":"open","ping_status":"open","sticky":false,"template":"","format":"standard","meta":{"footnotes":""},"categories":[1],"tags":[],"class_list":["post-83","post","type-post","status-publish","format-standard","has-post-thumbnail","hentry","category-blog"],"aioseo_notices":[],"jetpack_featured_media_url":"https:\/\/ccnamazonia.com.br\/wp-content\/uploads\/2024\/12\/WhatsApp-Image-2024-12-21-at-11.54.06.jpeg","_links":{"self":[{"href":"https:\/\/ccnamazonia.com.br\/index.php?rest_route=\/wp\/v2\/posts\/83","targetHints":{"allow":["GET"]}}],"collection":[{"href":"https:\/\/ccnamazonia.com.br\/index.php?rest_route=\/wp\/v2\/posts"}],"about":[{"href":"https:\/\/ccnamazonia.com.br\/index.php?rest_route=\/wp\/v2\/types\/post"}],"author":[{"embeddable":true,"href":"https:\/\/ccnamazonia.com.br\/index.php?rest_route=\/wp\/v2\/users\/3"}],"replies":[{"embeddable":true,"href":"https:\/\/ccnamazonia.com.br\/index.php?rest_route=%2Fwp%2Fv2%2Fcomments&post=83"}],"version-history":[{"count":1,"href":"https:\/\/ccnamazonia.com.br\/index.php?rest_route=\/wp\/v2\/posts\/83\/revisions"}],"predecessor-version":[{"id":85,"href":"https:\/\/ccnamazonia.com.br\/index.php?rest_route=\/wp\/v2\/posts\/83\/revisions\/85"}],"wp:featuredmedia":[{"embeddable":true,"href":"https:\/\/ccnamazonia.com.br\/index.php?rest_route=\/wp\/v2\/media\/84"}],"wp:attachment":[{"href":"https:\/\/ccnamazonia.com.br\/index.php?rest_route=%2Fwp%2Fv2%2Fmedia&parent=83"}],"wp:term":[{"taxonomy":"category","embeddable":true,"href":"https:\/\/ccnamazonia.com.br\/index.php?rest_route=%2Fwp%2Fv2%2Fcategories&post=83"},{"taxonomy":"post_tag","embeddable":true,"href":"https:\/\/ccnamazonia.com.br\/index.php?rest_route=%2Fwp%2Fv2%2Ftags&post=83"}],"curies":[{"name":"wp","href":"https:\/\/api.w.org\/{rel}","templated":true}]}}