{"id":1670,"date":"2026-04-27T23:39:45","date_gmt":"2026-04-28T02:39:45","guid":{"rendered":"https:\/\/ccnamazonia.com.br\/?p=1670"},"modified":"2026-04-27T23:39:45","modified_gmt":"2026-04-28T02:39:45","slug":"andre-fernandes-anuncia-projeto-social-na-comunidade-de-paraisopolis-e-novo-polo-social-na-igreja-celeiro","status":"publish","type":"post","link":"https:\/\/ccnamazonia.com.br\/?p=1670","title":{"rendered":"Andr\u00e9 Fernandes anuncia projeto social na comunidade de Parais\u00f3polis e novo polo social na Igreja Celeiro"},"content":{"rendered":"<p>O pastor Andr\u00e9 Fernandes anunciou a cria\u00e7\u00e3o de um polo social na Igreja Celeiro, em Santo Amaro, com o objetivo de fortalecer a\u00e7\u00f5es de cuidado e transforma\u00e7\u00e3o de vidas. Al\u00e9m da a\u00e7\u00e3o na igreja, o projeto tamb\u00e9m ser\u00e1 levado para Parais\u00f3polis, ampliando o alcance das iniciativas na comunidade carente, que \u00e9 a maior de S\u00e3o Paulo.<\/p>\n<p>O polo nasce com a proposta de concentrar uma s\u00e9rie de a\u00e7\u00f5es do instituto social ligado \u00e0 igreja, criando uma base s\u00f3lida de apoio. Entre as primeiras frentes est\u00e3o o Mercado Solid\u00e1rio, atendimentos terap\u00eauticos e outras iniciativas voltadas ao cuidado integral das pessoas.<\/p>\n<p>A expans\u00e3o para Parais\u00f3polis refor\u00e7a o direcionamento do projeto para regi\u00f5es que demandam mais aten\u00e7\u00e3o, levando suporte pr\u00e1tico, dignidade e presen\u00e7a ativa.<\/p>\n<p>&#8211; Estamos como quem sonha &#8211; afirmou o pastor sobre esse novo momento, destacando o impacto que o projeto pretende gerar dentro e fora da igreja.<\/p>\n<p>Localizada na Rua Benedito Fernandes, 169, em Santo Amaro, a Celeiro S\u00e3o Paulo se posiciona como um centro de f\u00e9 e a\u00e7\u00e3o, conectando estrutura, prop\u00f3sito e alcance social real. Lan\u00e7ada oficialmente<\/p>\n<p>Mais detalhes sobre as pr\u00f3ximas etapas devem ser divulgados em breve.<\/p>\n","protected":false},"excerpt":{"rendered":"<p>O pastor Andr\u00e9 Fernandes anunciou a cria\u00e7\u00e3o de um polo social na Igreja Celeiro, em Santo Amaro, com o objetivo&hellip;<\/p>\n","protected":false},"author":4,"featured_media":1671,"comment_status":"open","ping_status":"open","sticky":false,"template":"","format":"standard","meta":{"footnotes":""},"categories":[6],"tags":[574,576,575],"class_list":["post-1670","post","type-post","status-publish","format-standard","has-post-thumbnail","hentry","category-social","tag-andre-fernandes","tag-celeiro","tag-paraisopolis"],"aioseo_notices":[],"jetpack_featured_media_url":"https:\/\/ccnamazonia.com.br\/wp-content\/uploads\/2026\/04\/Celeiro2-9625-scaled.jpg","_links":{"self":[{"href":"https:\/\/ccnamazonia.com.br\/index.php?rest_route=\/wp\/v2\/posts\/1670","targetHints":{"allow":["GET"]}}],"collection":[{"href":"https:\/\/ccnamazonia.com.br\/index.php?rest_route=\/wp\/v2\/posts"}],"about":[{"href":"https:\/\/ccnamazonia.com.br\/index.php?rest_route=\/wp\/v2\/types\/post"}],"author":[{"embeddable":true,"href":"https:\/\/ccnamazonia.com.br\/index.php?rest_route=\/wp\/v2\/users\/4"}],"replies":[{"embeddable":true,"href":"https:\/\/ccnamazonia.com.br\/index.php?rest_route=%2Fwp%2Fv2%2Fcomments&post=1670"}],"version-history":[{"count":1,"href":"https:\/\/ccnamazonia.com.br\/index.php?rest_route=\/wp\/v2\/posts\/1670\/revisions"}],"predecessor-version":[{"id":1672,"href":"https:\/\/ccnamazonia.com.br\/index.php?rest_route=\/wp\/v2\/posts\/1670\/revisions\/1672"}],"wp:featuredmedia":[{"embeddable":true,"href":"https:\/\/ccnamazonia.com.br\/index.php?rest_route=\/wp\/v2\/media\/1671"}],"wp:attachment":[{"href":"https:\/\/ccnamazonia.com.br\/index.php?rest_route=%2Fwp%2Fv2%2Fmedia&parent=1670"}],"wp:term":[{"taxonomy":"category","embeddable":true,"href":"https:\/\/ccnamazonia.com.br\/index.php?rest_route=%2Fwp%2Fv2%2Fcategories&post=1670"},{"taxonomy":"post_tag","embeddable":true,"href":"https:\/\/ccnamazonia.com.br\/index.php?rest_route=%2Fwp%2Fv2%2Ftags&post=1670"}],"curies":[{"name":"wp","href":"https:\/\/api.w.org\/{rel}","templated":true}]}}