{"id":1667,"date":"2026-04-27T23:28:07","date_gmt":"2026-04-28T02:28:07","guid":{"rendered":"https:\/\/ccnamazonia.com.br\/?p=1667"},"modified":"2026-04-27T23:28:07","modified_gmt":"2026-04-28T02:28:07","slug":"em-clima-de-copa-do-mundo-silas-magalhaes-lanca-a-cancao-bencaos-reais","status":"publish","type":"post","link":"https:\/\/ccnamazonia.com.br\/?p=1667","title":{"rendered":"Em clima de Copa do Mundo, Silas Magalh\u00e3es lan\u00e7a a can\u00e7\u00e3o \u201cB\u00ean\u00e7\u00e3os Reais\u201d"},"content":{"rendered":"<p>No ano em que o brasileiro sonha em ver a Sele\u00e7\u00e3o conquistar o hexa na Copa do Mundo 2026, o cantor Silas Magalh\u00e3es resolveu unir essa paix\u00e3o nacional ao ritmo do samba e do funk em sua nova m\u00fasica de trabalho intitulada \u201cB\u00ean\u00e7\u00e3os Reais\u201d. A faixa faz parte do DVD \u201cDe Volta ao Jardim\u201d, gravado ao vivo em Santo Ant\u00f4nio de Jesus, na Bahia, em comemora\u00e7\u00e3o aos 15 anos de carreira do artista de trap.<\/p>\n<p>&#8211; \u201cB\u00ean\u00e7\u00e3os Reais\u201d \u00e9 a filha mais nova desse projeto porque ela surgiu na v\u00e9spera da grava\u00e7\u00e3o do projeto. Eu j\u00e1 tinha a ideia de uma m\u00fasica assim desde a constru\u00e7\u00e3o do \u00e1lbum, mas era como se eu n\u00e3o conseguisse ter acesso completo \u00e0 inspira\u00e7\u00e3o para compor. Eu at\u00e9 tentei escrever algo condizente com que eu visualizava, mas n\u00e3o saiu nada at\u00e9 que, na \u00faltima semana, senti que precisava correr atr\u00e1s daquele resultado e foi a\u00ed que \u201cB\u00ean\u00e7\u00e3os Reais\u201d nasceu em dez minutos &#8211; afirma Silas, que tamb\u00e9m assina a produ\u00e7\u00e3o musical, mixagem e masteriza\u00e7\u00e3o do single.<\/p>\n<p>De acordo com o artista, a inten\u00e7\u00e3o era trazer o gospel numa roupagem e linguagem que, at\u00e9 quem n\u00e3o curte o g\u00eanero, pode gostar da m\u00fasica.<\/p>\n<p>&#8211; Desde o in\u00edcio, minha inten\u00e7\u00e3o \u00e9 que ela fosse acess\u00edvel a todo mundo: quem \u00e9 da igreja, quem n\u00e3o \u00e9, quem curte futebol ou n\u00e3o. Eu n\u00e3o falo de futebol, Copa, Sele\u00e7\u00e3o em momento algum da m\u00fasica, mas ela \u00e9 perfeita para essa ocasi\u00e3o porque a letra traz os desafios que todo brasileiro enfrenta diariamente: de acordar cedo, fazer sua ora\u00e7\u00e3o, saber que nada \u00e9 f\u00e1cil, nem sempre as coisas v\u00e3o sair como planejado, mas Deus sempre tem o melhor pra n\u00f3s. O fato de acordarmos pela manh\u00e3 em si j\u00e1 \u00e9 parte das v\u00e1rias b\u00ean\u00e7\u00e3os reais que o Senhor nos entrega &#8211; compartilha o m\u00fasico.<\/p>\n<p>Em rela\u00e7\u00e3o \u00e0 produ\u00e7\u00e3o musical, Silas Magalh\u00e3es revela que quis unir diferentes elementos sonoros inspirados no cotidiano de quem ama futebol.<\/p>\n<p>&#8211; Quis unir elementos como o surdo, muito usado nas torcidas organizadas do pa\u00eds, justamente para remeter a est\u00e1dio. Usei o tamborim, instrumento muito presente no samba, e cavaquinho que \u00e9 a cara do Brasil. Tudo isso somado a uma batida leve de funk, que n\u00e3o \u00e9 um batid\u00e3o pesado, mas algo fresco para combinar com toda a est\u00e9tica constru\u00edda ao longo da m\u00fasica &#8211; resume.<\/p>\n<p>Baiano e torcedor do Esporte Clube Vit\u00f3ria, Silas incluiu na faixa uma narra\u00e7\u00e3o fict\u00edcia de um jogo com Neymar e Estev\u00e3o William.<\/p>\n<p>&#8211; Estev\u00e3o e Neymar nunca dividiram o campo e nunca jogaram juntos pela Sele\u00e7\u00e3o e nem como advers\u00e1rios em seus respectivos times. A narra\u00e7\u00e3o \u00e9 de um jogo que ainda n\u00e3o aconteceu. \u00c9 uma \u201cprofecia\u201d do que vai acontecer na Copa de 2026. Acredito que Neymar ser\u00e1 convocado e isso n\u00e3o deveria nem ser colocado em pauta para come\u00e7ar. Neymar \u00e9 o craque dessa gera\u00e7\u00e3o e Estev\u00e3o j\u00e1 n\u00e3o \u00e9 mais uma promessa, mas uma realidade que tem voado no Chelsea e que Deus me deu a honra de poder cham\u00e1-lo de amigo. Ent\u00e3o, eu criei essa narra\u00e7\u00e3o como uma homenagem ao meu amigo Estev\u00e3o e uma profecia do que ele vai viver ao lado do Neymar nesta Copa &#8211; conta o artista.<\/p>\n<p>\u201cB\u00ean\u00e7\u00e3os Reais\u201d vem na sequ\u00eancia de lan\u00e7amentos do primeiro DVD de Silas Magalh\u00e3es. A primeira m\u00fasica lan\u00e7ada foi \u201cDomingos \u00e0 Noite\u201d, que alcan\u00e7ou grande repercuss\u00e3o entre os f\u00e3s do cantor e gerou rea\u00e7\u00f5es bem distintas da internet.<\/p>\n<p>&#8211; O clipe de \u201cDomingos \u00e0 Noite\u201d entrou nos hypados do YouTube. A maioria das pessoas gostou e entendeu a proposta de confronto que a m\u00fasica traz. Recebi muitos relatos de pessoas que se sentiram confrontadas de primeiro momento, mas depois aquilo gerou um arrependimento. A minoria absoluta n\u00e3o quis entender, seja porque se sentiu confrontado tamb\u00e9m ou por puro preconceito com o estilo da m\u00fasica que eu fa\u00e7o.<\/p>\n<p>E nesse clima de esperan\u00e7a, que muitas das vezes \u00e9 inspirado pela Copa, Silas Magalh\u00e3es expressa seus desejos de b\u00ean\u00e7\u00e3os reais para o Brasil.<\/p>\n<p>&#8211; Eu sempre espero que nosso pa\u00eds cres\u00e7a e que nosso povo que tanto trabalha tenha a sua recompensa. Que nosso poder de compra suba, que a corrup\u00e7\u00e3o n\u00e3o exista mais e que o brasileiro possa viver em um pa\u00eds seguro, mas creio que tudo isso s\u00f3 vai acontecer quando Cristo voltar &#8211; finaliza o artista.<\/p>\n<p><iframe loading=\"lazy\" title=\"SILAS MAGALH\u00c3ES - B\u00caN\u00c7\u00c3OS REAIS (Ao Vivo) - M\u00fasica da Copa (Clipe Oficial)\" width=\"640\" height=\"360\" src=\"https:\/\/www.youtube.com\/embed\/z6bzhTquccg?feature=oembed\" frameborder=\"0\" allow=\"accelerometer; autoplay; clipboard-write; encrypted-media; gyroscope; picture-in-picture; web-share\" referrerpolicy=\"strict-origin-when-cross-origin\" allowfullscreen><\/iframe><\/p>\n","protected":false},"excerpt":{"rendered":"<p>No ano em que o brasileiro sonha em ver a Sele\u00e7\u00e3o conquistar o hexa na Copa do Mundo 2026, o&hellip;<\/p>\n","protected":false},"author":4,"featured_media":1668,"comment_status":"open","ping_status":"open","sticky":false,"template":"","format":"standard","meta":{"footnotes":""},"categories":[336],"tags":[570,571,525,573,572,223],"class_list":["post-1667","post","type-post","status-publish","format-standard","has-post-thumbnail","hentry","category-musica","tag-bencaos-reais","tag-copa-do-mundo","tag-de-volta-ao-jardim","tag-estevao-william","tag-neymar","tag-silas-magalhaes"],"aioseo_notices":[],"jetpack_featured_media_url":"https:\/\/ccnamazonia.com.br\/wp-content\/uploads\/2026\/04\/SILAS-MAGALHAES.jpg","_links":{"self":[{"href":"https:\/\/ccnamazonia.com.br\/index.php?rest_route=\/wp\/v2\/posts\/1667","targetHints":{"allow":["GET"]}}],"collection":[{"href":"https:\/\/ccnamazonia.com.br\/index.php?rest_route=\/wp\/v2\/posts"}],"about":[{"href":"https:\/\/ccnamazonia.com.br\/index.php?rest_route=\/wp\/v2\/types\/post"}],"author":[{"embeddable":true,"href":"https:\/\/ccnamazonia.com.br\/index.php?rest_route=\/wp\/v2\/users\/4"}],"replies":[{"embeddable":true,"href":"https:\/\/ccnamazonia.com.br\/index.php?rest_route=%2Fwp%2Fv2%2Fcomments&post=1667"}],"version-history":[{"count":1,"href":"https:\/\/ccnamazonia.com.br\/index.php?rest_route=\/wp\/v2\/posts\/1667\/revisions"}],"predecessor-version":[{"id":1669,"href":"https:\/\/ccnamazonia.com.br\/index.php?rest_route=\/wp\/v2\/posts\/1667\/revisions\/1669"}],"wp:featuredmedia":[{"embeddable":true,"href":"https:\/\/ccnamazonia.com.br\/index.php?rest_route=\/wp\/v2\/media\/1668"}],"wp:attachment":[{"href":"https:\/\/ccnamazonia.com.br\/index.php?rest_route=%2Fwp%2Fv2%2Fmedia&parent=1667"}],"wp:term":[{"taxonomy":"category","embeddable":true,"href":"https:\/\/ccnamazonia.com.br\/index.php?rest_route=%2Fwp%2Fv2%2Fcategories&post=1667"},{"taxonomy":"post_tag","embeddable":true,"href":"https:\/\/ccnamazonia.com.br\/index.php?rest_route=%2Fwp%2Fv2%2Ftags&post=1667"}],"curies":[{"name":"wp","href":"https:\/\/api.w.org\/{rel}","templated":true}]}}