{"id":1580,"date":"2026-03-05T14:56:56","date_gmt":"2026-03-05T17:56:56","guid":{"rendered":"https:\/\/ccnamazonia.com.br\/?p=1580"},"modified":"2026-03-05T14:56:56","modified_gmt":"2026-03-05T17:56:56","slug":"anna-clara-rocha-assina-gestao-de-agendas-com-a-agencia-canto-da-ovelha-e-inicia-nova-fase-em-sua-carreira","status":"publish","type":"post","link":"https:\/\/ccnamazonia.com.br\/?p=1580","title":{"rendered":"Anna Clara Rocha assina gest\u00e3o de agendas com a Ag\u00eancia Canto da Ovelha e inicia nova fase em sua carreira"},"content":{"rendered":"\r\n\r\nA cantora Anna Clara Rocha inicia um novo cap\u00edtulo em sua trajet\u00f3ria ministerial e art\u00edstica.\r\n\r\n \r\n\r\nA artista acaba de assinar a gest\u00e3o de suas agendas com a Ag\u00eancia Canto da Ovelha, empresa respons\u00e1vel pelo gerenciamento de agendas e direcionamento estrat\u00e9gico de artistas da m\u00fasica crist\u00e3.\r\n\r\n \r\n\r\nPara Anna Clara, essa parceria representa muito mais do que uma decis\u00e3o profissional. Segundo ela, o passo nasce de um entendimento espiritual sobre o tempo que est\u00e1 vivendo.\r\n\r\n \r\n\r\nA cantora compartilha que a motiva\u00e7\u00e3o principal para firmar o acordo foi o desejo sincero de abra\u00e7ar os prop\u00f3sitos de Deus para sua vida e caminhar com confian\u00e7a na dire\u00e7\u00e3o que Ele tem preparado.\r\n\r\n \r\n\r\nA artista afirma que enxergou essa oportunidade como uma confirma\u00e7\u00e3o de que \u00e9 hora de avan\u00e7ar e confiar nos planos que Deus tem conduzido. Para ela, viver esse momento \u00e9 perceber que cada porta aberta faz parte de um prop\u00f3sito maior, o que traz gratid\u00e3o e responsabilidade diante do chamado que recebeu.\r\n\r\n \r\n\r\nAnna Clara tamb\u00e9m destaca a alegria de fazer parte de uma estrutura que caminha em unidade. A Ag\u00eancia Canto da Ovelha integra o mesmo grupo de sua gravadora, a Todah Music, dentro do Todah Group.\r\n\r\n \r\n\r\nPara a cantora, essa conex\u00e3o representa uma verdadeira fam\u00edlia ministerial, formada por pessoas que acreditam no chamado que Deus colocou em sua vida e que caminham juntas para fortalecer essa miss\u00e3o.\r\n\r\n \r\n\r\nEla reconhece que o apoio recebido ao longo desse processo tem sido fundamental para continuar crescendo e levando sua mensagem com excel\u00eancia.\r\n\r\n \r\n\r\nCada incentivo e oportunidade, segundo a artista, refletem a gra\u00e7a de Deus se manifestando atrav\u00e9s de pessoas que caminham ao seu lado.\r\n\r\n \r\n\r\nCom a nova parceria, Anna Clara Rocha j\u00e1 come\u00e7a a planejar os pr\u00f3ximos passos de sua agenda. Entre as prioridades para os pr\u00f3ximos meses est\u00e1 um projeto especial com regrava\u00e7\u00f5es e interpreta\u00e7\u00f5es de can\u00e7\u00f5es em ingl\u00eas e espanhol.\r\n\r\n \r\n\r\nA proposta \u00e9 explorar a diversidade de l\u00ednguas e estilos, levando sua arte e sua mensagem a novos p\u00fablicos.\r\n\r\n \r\n\r\nAl\u00e9m disso, a cantora tamb\u00e9m manifesta o desejo de desenvolver novos formatos audiovisuais, incluindo clipes ac\u00fasticos, e j\u00e1 nutre a expectativa de gravar um novo DVD em breve.\r\n\r\n \r\n\r\nConhecida por sua mensagem de f\u00e9 e avivamento, Anna Clara pretende continuar mantendo sua identidade art\u00edstica enquanto amplia sua atua\u00e7\u00e3o com o suporte da ag\u00eancia.\r\n\r\n \r\n\r\nA cantora destaca que carrega no cora\u00e7\u00e3o uma mensagem de despertamento espiritual e deseja seguir transitando entre diferentes sonoridades, como blues pentecostal, pop, pop rock cl\u00e1ssico e hinos que marcam a tradi\u00e7\u00e3o da m\u00fasica crist\u00e3.\r\n\r\n \r\n\r\nEntre os planos futuros, Anna Clara tamb\u00e9m revela que sente nascer em seu cora\u00e7\u00e3o o desejo de escrever um livro. A obra dever\u00e1 abordar temas como chamado, ren\u00fancia, paix\u00e3o por Jesus e a import\u00e2ncia de permanecer fiel \u00e0 miss\u00e3o mesmo diante dos desafios.\r\n\r\n \r\n\r\nCom novos projetos em desenvolvimento e uma estrutura fortalecida, Anna Clara Rocha segue avan\u00e7ando em sua caminhada, determinada a usar seu dom como instrumento para impactar vidas e anunciar a mensagem do Evangelho atrav\u00e9s da m\u00fasica.\r\n\r\n \r\n\r\nSiga Anna Clara Rocha\r\n<a href=\"https:\/\/www.instagram.com\/oficialannaclararocha\">https:\/\/www.instagram.com\/oficialannaclararocha<\/a>\r\n\r\nSiga Ag\u00eancia Canto da Ovelha\r\n<a href=\"https:\/\/www.instagram.com\/agenciacantodaovelha\">https:\/\/www.instagram.com\/agenciacantodaovelha<\/a>\r\n\r\nComunica\u00e7\u00e3o e Imprensa: Ag\u00eancia Infinit\r\n<a href=\"https:\/\/www.instagram.com\/agenciainfinit\">https:\/\/www.instagram.com\/agenciainfinit<\/a>\r\n\r\n","protected":false},"excerpt":{"rendered":"<p>A cantora Anna Clara Rocha inicia um novo cap\u00edtulo em sua trajet\u00f3ria ministerial e art\u00edstica. A artista acaba de assinar&hellip;<\/p>\n","protected":false},"author":3,"featured_media":1581,"comment_status":"open","ping_status":"open","sticky":false,"template":"","format":"standard","meta":{"footnotes":""},"categories":[336],"tags":[],"class_list":["post-1580","post","type-post","status-publish","format-standard","has-post-thumbnail","hentry","category-musica"],"aioseo_notices":[],"jetpack_featured_media_url":"https:\/\/ccnamazonia.com.br\/wp-content\/uploads\/2026\/03\/Anna-Clara-Rocha-1.jpg","_links":{"self":[{"href":"https:\/\/ccnamazonia.com.br\/index.php?rest_route=\/wp\/v2\/posts\/1580","targetHints":{"allow":["GET"]}}],"collection":[{"href":"https:\/\/ccnamazonia.com.br\/index.php?rest_route=\/wp\/v2\/posts"}],"about":[{"href":"https:\/\/ccnamazonia.com.br\/index.php?rest_route=\/wp\/v2\/types\/post"}],"author":[{"embeddable":true,"href":"https:\/\/ccnamazonia.com.br\/index.php?rest_route=\/wp\/v2\/users\/3"}],"replies":[{"embeddable":true,"href":"https:\/\/ccnamazonia.com.br\/index.php?rest_route=%2Fwp%2Fv2%2Fcomments&post=1580"}],"version-history":[{"count":1,"href":"https:\/\/ccnamazonia.com.br\/index.php?rest_route=\/wp\/v2\/posts\/1580\/revisions"}],"predecessor-version":[{"id":1582,"href":"https:\/\/ccnamazonia.com.br\/index.php?rest_route=\/wp\/v2\/posts\/1580\/revisions\/1582"}],"wp:featuredmedia":[{"embeddable":true,"href":"https:\/\/ccnamazonia.com.br\/index.php?rest_route=\/wp\/v2\/media\/1581"}],"wp:attachment":[{"href":"https:\/\/ccnamazonia.com.br\/index.php?rest_route=%2Fwp%2Fv2%2Fmedia&parent=1580"}],"wp:term":[{"taxonomy":"category","embeddable":true,"href":"https:\/\/ccnamazonia.com.br\/index.php?rest_route=%2Fwp%2Fv2%2Fcategories&post=1580"},{"taxonomy":"post_tag","embeddable":true,"href":"https:\/\/ccnamazonia.com.br\/index.php?rest_route=%2Fwp%2Fv2%2Ftags&post=1580"}],"curies":[{"name":"wp","href":"https:\/\/api.w.org\/{rel}","templated":true}]}}