{"id":1577,"date":"2026-03-03T13:34:38","date_gmt":"2026-03-03T16:34:38","guid":{"rendered":"https:\/\/ccnamazonia.com.br\/?p=1577"},"modified":"2026-03-03T13:34:38","modified_gmt":"2026-03-03T16:34:38","slug":"carlos-meneleu-lanca-o-pagode-es-o-cordeiro-com-alex-xavier","status":"publish","type":"post","link":"https:\/\/ccnamazonia.com.br\/?p=1577","title":{"rendered":"Carlos Meneleu lan\u00e7a o pagode \u201c\u00c9s o Cordeiro\u201d com Alex Xavier"},"content":{"rendered":"<p>A Bless Music apresenta o lan\u00e7amento de \u201c\u00c9s o Cordeiro\u201d, novo single de Carlos Meneleu com participa\u00e7\u00e3o especial de Alex Xavier, que abre oficialmente as comemora\u00e7\u00f5es dos 20 anos de minist\u00e9rio do cantor.<\/p>\n<p>A can\u00e7\u00e3o, um pagode gospel escrita por Alex Xavier, marca o in\u00edcio das comemora\u00e7\u00f5es e traz uma identidade sonora que mistura a brasilidade do samba com elementos contempor\u00e2neos e alternativos, reafirmando a proposta ministerial de celebrar a f\u00e9 com criatividade.<\/p>\n<p>Para a gravadora, o lan\u00e7amento tem um significado ainda mais especial, pois coincide com os cinco anos de parceria entre Carlos Meneleu e a Bless Music.<\/p>\n<p>\u201c\u00c9 um momento especial porque Carlos completa 5 anos de gravadora e temos visto e acompanhado o crescimento e a evolu\u00e7\u00e3o ministerial dele nesse per\u00edodo\u201d, afirmou Niwton Barros, diretor da Bless Music.<\/p>\n<p>A parceria tem sido marcada por cuidado art\u00edstico e crescimento consistente, e \u201c\u00c9s o Cordeiro\u201d representa um novo marco nessa trajet\u00f3ria.<\/p>\n<p>O projeto foi gravado no Est\u00fadio S\u00e9rgio Menezes, onde Carlos p\u00f4de concretizar um sonho ao registrar a faixa e tamb\u00e9m gravar o clipe em um ambiente com qualidade t\u00e9cnica de alto n\u00edvel.<\/p>\n<p>A dire\u00e7\u00e3o de arte desenvolveu uma identidade visual pensada especialmente para esta comemora\u00e7\u00e3o, que n\u00e3o se limita ao single: o lan\u00e7amento tamb\u00e9m integra um conjunto de a\u00e7\u00f5es que inclui, em breve, a divulga\u00e7\u00e3o de um document\u00e1rio sobre a carreira e a jornada ministerial de Carlos Meneleu.<\/p>\n<p>Em entrevista sobre o projeto, Carlos descreve o momento como um grande prazer e testemunho da a\u00e7\u00e3o de Deus em sua caminhada: \u201c\u00c9 muito bom saber que Deus sempre esteve no controle de todos os detalhes da minha caminhada ministerial.<\/p>\n<p>Isso testifica que o segredo da solidez ministerial sempre passa pela plena depend\u00eancia de Deus.\u201d<\/p>\n<p>Sobre a escolha de \u201c\u00c9s o Cordeiro\u201d para abrir as comemora\u00e7\u00f5es, ele ressalta a brasilidade e a mistura de sonoridades: \u201cO brasileiro \u00e9, mundialmente falando, um dos mais criativos na m\u00fasica. E, para mim, \u00e9 um grande prazer ter mais uma oportunidade de imprimir a brasilidade crist\u00e3 atrav\u00e9s da m\u00fasica, permitindo que o samba converse com estilos mais alternativos, com qualidade musical \u00edmpar.\u201d<\/p>\n<p>A participa\u00e7\u00e3o de Alex Xavier foi vivida como um presente para Carlos: \u201cMais uma realiza\u00e7\u00e3o de um sonho. Cantar ao lado de Alex Xavier.<\/p>\n<p>\u201cSempre via o Alex cantando com v\u00e1rios artistas do cast. E sempre aguardando minha oportunidade. E essa oportunidade chegou numa fase muito especial da minha caminhada ministerial. E isso \u00e9 muito bom viver.\u201d<\/p>\n<p>Quanto ao que o p\u00fablico pode esperar para o ano comemorativo, Carlos antecipa novidades: \u201cPodemos esperar can\u00e7\u00f5es incr\u00edveis, produ\u00e7\u00f5es espetaculares, e uma grande surpresa.<\/p>\n<p>Quem me acompanha, ter\u00e1 a oportunidade de conhecer um pouco mais de um Carlos que poucos conhecem.<\/p>\n<p>\u201dRefletindo sobre sua trajet\u00f3ria, Carlos revela o conselho que daria ao jovem cantor que come\u00e7ou a caminhada: \u201cApesar de todas as intercorr\u00eancias dessa vida, Deus est\u00e1 no controle de tudo. At\u00e9 mesmo naqueles momentos que, muitos em quem voc\u00ea confiou, te prejudicou e fizeram mal. Continue a caminhada.\u201d<\/p>\n<p>\u201c\u00c9s o Cordeiro\u201d \u00e9 de gratid\u00e3o e perseveran\u00e7a: \u201cEsteja sempre disposto a ser grato, em todas as circunst\u00e2ncias.\u201d<\/p>\n<p>Tive a oportunidade de gravar esse clipe no meu est\u00fadio dos sonhos. Gravar no Est\u00fadio S\u00e9rgio Menezes \u00e9 mais uma prova de que Deus \u00e9 capaz de fazer infinitamente mais do que pedimos ou pensamos.\u201d<\/p>\n<p>\u201c\u00c9s o Cordeiro\u201d j\u00e1 est\u00e1 dispon\u00edvel nas plataformas digitais e marca o in\u00edcio oficial das comemora\u00e7\u00f5es dos 20 anos de minist\u00e9rio de Carlos Meneleu, uma celebra\u00e7\u00e3o que promete unir f\u00e9, arte e a rica tradi\u00e7\u00e3o musical brasileira.<\/p>\n<p>Ou\u00e7a nas plataformas digitais<br \/>\n<a href=\"https:\/\/onerpm.link\/EsoCordeiro_CarlosMeneleu\">https:\/\/onerpm.link\/EsoCordeiro_CarlosMeneleu<\/a><\/p>\n<p>Assista ao Clipe<br \/>\n<a href=\"https:\/\/youtu.be\/_rot3NSuLrQ\">https:\/\/youtu.be\/_rot3NSuLrQ<\/a><\/p>\n<p>Siga Carlos Meneleu<br \/>\n<a href=\"https:\/\/www.instagram.com\/carlosmeneleuoficial\/\">https:\/\/www.instagram.com\/carlosmeneleuoficial\/<\/a><\/p>\n<p>Acompanhe tamb\u00e9m a Bless Music<br \/>\n<a href=\"https:\/\/blessmusic.com.br\/\">https:\/\/blessmusic.com.br\/<\/a><br \/>\n<a href=\"https:\/\/www.instagram.com\/blessmusicoficial\/\">https:\/\/www.instagram.com\/blessmusicoficial\/<\/a><br \/>\n<a href=\"https:\/\/www.tiktok.com\/@blessmusicoficial\">https:\/\/www.tiktok.com\/@blessmusicoficial<\/a><br \/>\n<a href=\"https:\/\/www.youtube.com\/@BlessMusic_BR\">https:\/\/www.youtube.com\/@BlessMusic_BR<\/a><\/p>\n<p>Comunica\u00e7\u00e3o e Imprensa: Ag\u00eancia Infinit<br \/>\n<a href=\"https:\/\/www.instagram.com\/agenciainfinit\/\">https:\/\/www.instagram.com\/agenciainfinit\/<\/a><\/p>\n","protected":false},"excerpt":{"rendered":"<p>A Bless Music apresenta o lan\u00e7amento de \u201c\u00c9s o Cordeiro\u201d, novo single de Carlos Meneleu com participa\u00e7\u00e3o especial de Alex&hellip;<\/p>\n","protected":false},"author":3,"featured_media":1578,"comment_status":"open","ping_status":"open","sticky":false,"template":"","format":"standard","meta":{"footnotes":""},"categories":[336],"tags":[],"class_list":["post-1577","post","type-post","status-publish","format-standard","has-post-thumbnail","hentry","category-musica"],"aioseo_notices":[],"jetpack_featured_media_url":"https:\/\/ccnamazonia.com.br\/wp-content\/uploads\/2026\/03\/Carlos-e-Alex.jpeg","_links":{"self":[{"href":"https:\/\/ccnamazonia.com.br\/index.php?rest_route=\/wp\/v2\/posts\/1577","targetHints":{"allow":["GET"]}}],"collection":[{"href":"https:\/\/ccnamazonia.com.br\/index.php?rest_route=\/wp\/v2\/posts"}],"about":[{"href":"https:\/\/ccnamazonia.com.br\/index.php?rest_route=\/wp\/v2\/types\/post"}],"author":[{"embeddable":true,"href":"https:\/\/ccnamazonia.com.br\/index.php?rest_route=\/wp\/v2\/users\/3"}],"replies":[{"embeddable":true,"href":"https:\/\/ccnamazonia.com.br\/index.php?rest_route=%2Fwp%2Fv2%2Fcomments&post=1577"}],"version-history":[{"count":1,"href":"https:\/\/ccnamazonia.com.br\/index.php?rest_route=\/wp\/v2\/posts\/1577\/revisions"}],"predecessor-version":[{"id":1579,"href":"https:\/\/ccnamazonia.com.br\/index.php?rest_route=\/wp\/v2\/posts\/1577\/revisions\/1579"}],"wp:featuredmedia":[{"embeddable":true,"href":"https:\/\/ccnamazonia.com.br\/index.php?rest_route=\/wp\/v2\/media\/1578"}],"wp:attachment":[{"href":"https:\/\/ccnamazonia.com.br\/index.php?rest_route=%2Fwp%2Fv2%2Fmedia&parent=1577"}],"wp:term":[{"taxonomy":"category","embeddable":true,"href":"https:\/\/ccnamazonia.com.br\/index.php?rest_route=%2Fwp%2Fv2%2Fcategories&post=1577"},{"taxonomy":"post_tag","embeddable":true,"href":"https:\/\/ccnamazonia.com.br\/index.php?rest_route=%2Fwp%2Fv2%2Ftags&post=1577"}],"curies":[{"name":"wp","href":"https:\/\/api.w.org\/{rel}","templated":true}]}}