{"id":1534,"date":"2026-01-22T15:32:46","date_gmt":"2026-01-22T18:32:46","guid":{"rendered":"https:\/\/ccnamazonia.com.br\/?p=1534"},"modified":"2026-01-22T15:32:46","modified_gmt":"2026-01-22T18:32:46","slug":"somos-brasas-2-abre-com-o-lancamento-de-vento-que-vem-com-israel-salazar-e-klebson-kollins-ao-vivo-em-londrina","status":"publish","type":"post","link":"https:\/\/ccnamazonia.com.br\/?p=1534","title":{"rendered":"\u201cSOMOS BRASAS &#8211; 2\u201d abre com o lan\u00e7amento de \u201cVento que Vem\u201d com Israel Salazar e Klebson Kollins AO VIVO em Londrina"},"content":{"rendered":"<p>Brasas Music anuncia o lan\u00e7amento de \u201cVento que Vem\u201d, primeira can\u00e7\u00e3o do projeto \u201cSomos Brasas 2\u201d, gravado ao vivo e que marca o in\u00edcio dos lan\u00e7amentos do segundo volume da s\u00e9rie \u201cSOMOS BRASAS\u201d.<\/p>\n<p>A grava\u00e7\u00e3o aconteceu no dia 14 de outubro na Igreja Nova Alian\u00e7a em Londrina (INA Londrina), sob a idealiza\u00e7\u00e3o e dire\u00e7\u00e3o de Jander Pires, diretor da gravadora, e com produ\u00e7\u00e3o musical assinada por Bruno Pividori.<\/p>\n<p>A can\u00e7\u00e3o, escrita por Israel Salazar e interpretada por Klebson Kollins e Israel Salazar, conta ainda com participa\u00e7\u00f5es especiais de Jhonas Serra, Gabriell J\u00fanior e Flavio Vasques, e traduz em melodia um clamor coletivo por renova\u00e7\u00e3o, avivamento e pelo sopro do Esp\u00edrito Santo.<\/p>\n<p>O projeto \u201cSomos Brasas 2\u201d nasceu do desejo de reunir ministros movidos por fome e sede de Deus, numa noite de adora\u00e7\u00e3o para proclamar ora\u00e7\u00e3o, entrega e expectativa por mais da presen\u00e7a do Senhor.<\/p>\n<p>Ao todo, 14 ministros estiveram presentes na grava\u00e7\u00e3o, foram eles: Theo Rubia, Israel Salazar, Klebson Kollins, Jhonas Serra, Felipe Rodrigues, Carol Braga, Davi Silva, Gabriell J\u00fanior, Salvaon, Abdiel Ars\u00eanio, Leandro Soares, Flavio Vasques, Marcelo Markes e Gabi Sampaio.<\/p>\n<p>Cada voz, cada hist\u00f3ria e cada testemunho convergiram para uma atmosfera de comunh\u00e3o e prop\u00f3sito, refor\u00e7ando a vis\u00e3o do Brasas Music de somar brasas individuais para incendiar cora\u00e7\u00f5es em adora\u00e7\u00e3o.<\/p>\n<p>\u201cVento que Vem\u201d \u00e9 uma ora\u00e7\u00e3o cantada que expressa desejo e expectativa por um novo sopro de Deus, um pedido por batismo com fogo e gl\u00f3ria e chega para ser n\u00e3o apenas uma m\u00fasica, mas um clamor apaixonado pela presen\u00e7a do Esp\u00edrito.<\/p>\n<p>A proposta do Brasas Music, como explica Jander Pires, \u00e9 unir ministros e can\u00e7\u00f5es em uma experi\u00eancia prof\u00e9tica e mission\u00e1ria: \u201cSomos Brasas, queimamos juntos. E enquanto houver f\u00f4lego, continuaremos acendendo cora\u00e7\u00f5es para a gl\u00f3ria de Deus.\u201d<\/p>\n<p>Para Jander, o projeto \u00e9 fruto de um chamado que ultrapassa a produ\u00e7\u00e3o musical e alcan\u00e7a um prop\u00f3sito maior de proclama\u00e7\u00e3o e transforma\u00e7\u00e3o.<\/p>\n<p>A noite de grava\u00e7\u00e3o teve momentos de expectativa e supera\u00e7\u00e3o. Problemas log\u00edsticos, como o cancelamento de voos por neblina em Londrina, n\u00e3o impediram que a equipe e os artistas se colocassem em ora\u00e7\u00e3o e confiando na soberania de Deus, com a certeza de que o Senhor conduzia tudo.<\/p>\n<p>Depoimentos dos artistas refletem a atmosfera de expectativa e gratid\u00e3o: Klebson Kollins comentou sobre a alegria de encontrar o elenco reunido; Davi Silva manifestou sua esperan\u00e7a de que as can\u00e7\u00f5es alcancem o Brasil e as na\u00e7\u00f5es e impactem fam\u00edlias; Felipe do Salvaon relatou uma conex\u00e3o pessoal com a can\u00e7\u00e3o que interpretar\u00e1, escrita h\u00e1 uma d\u00e9cada; Jhonas Serra e Gabriell J\u00fanior destacaram a honra de participar de um time t\u00e3o unido; e Flavio Vasques e Marcelo Markes expressaram gratid\u00e3o e confian\u00e7a no mover de Deus durante a grava\u00e7\u00e3o.<\/p>\n<p>Cada participante trouxe uma hist\u00f3ria e uma chamada ao fogo: Abdiel Ars\u00eanio falou de levar \u201co c\u00e9u para esse lugar\u201d; Leandro Soares celebrou a oportunidade de gravar em uni\u00e3o com amigos e irm\u00e3os de minist\u00e9rio; e Theo Rubia lembrou a densidade da presen\u00e7a de Deus na primeira edi\u00e7\u00e3o e a expectativa de ser surpreendido novamente.<\/p>\n<p>As vozes convergiram para can\u00e7\u00f5es como \u201cNada Me Separa\u201d (anunciada por Marcelo Markes) e outras composi\u00e7\u00f5es que prometem tocar o p\u00fablico com profundidade espiritual e musical.<\/p>\n<p>\u201cSOMOS BRASAS\u201d j\u00e1 havia causado impacto na primeira edi\u00e7\u00e3o do projeto, e com \u201cSomos Brasas 2\u201d h\u00e1 a convic\u00e7\u00e3o de que algo novo est\u00e1 surgindo para provocar avivamento.<\/p>\n<p>A ideia central da gravadora \u00e9 a uni\u00e3o em adora\u00e7\u00e3o: se cada ministro representa uma brasa, a jun\u00e7\u00e3o dessas brasas tem o poder de atrair a presen\u00e7a de Deus de forma intensificada, reacendendo a fome e a sede por algo maior.<\/p>\n<p>Jander Pires relembra sua trajet\u00f3ria, nascido em ber\u00e7o crist\u00e3o e formado em m\u00fasica desde a inf\u00e2ncia, e como esse chamado foi sendo moldado at\u00e9 reconhecer que seu trabalho poderia ser prof\u00e9tico, capaz de impactar vidas e expandir a mensagem desses ministros.<\/p>\n<p>Mais do que um projeto musical, \u201cSomos Brasas 2\u201d tem cunho espiritual e transformador: a expectativa \u00e9 que as can\u00e7\u00f5es nascidas daquela noite continuem acendendo cora\u00e7\u00f5es por anos, formando uma gera\u00e7\u00e3o conhecida por amar desesperadamente a Cristo.<\/p>\n<p>A can\u00e7\u00e3o \u201cVento que Vem\u201d surge, portanto, como um primeiro passo deste novo volume, convidando igrejas, minist\u00e9rios e ouvintes a clamarem por mais do Esp\u00edrito Santo, conscientes de que \u201ctodos os que s\u00e3o guiados pelo Esp\u00edrito de Deus s\u00e3o filhos de Deus\u201d (Romanos 8:14).<\/p>\n<p>O lan\u00e7amento de \u201cVento que Vem\u201d marca o in\u00edcio de uma s\u00e9rie de divulga\u00e7\u00f5es do \u00e1lbum ao vivo \u201cSOMOS BRASAS &#8211; VOL. 2\u201d, que ser\u00e1 disponibilizado nas plataformas digitais e no YouTube.<\/p>\n<p>A expectativa \u00e9 que a chama acesa naquela noite siga se espalhando, gerando encontros, avivamentos e uma adora\u00e7\u00e3o profunda em diversos contextos. Para o Brasas Music, a miss\u00e3o segue: unir vozes, propagar a presen\u00e7a de Deus e ver uma gera\u00e7\u00e3o consumida pelo desejo de buscar a face do Senhor.<\/p>\n<p>Ou\u00e7a nas plataformas digitais:<br \/>\n<a href=\"https:\/\/bfan.link\/vento-que-vem\">https:\/\/bfan.link\/vento-que-vem<\/a><\/p>\n<p>Assista ao document\u00e1rio:<br \/>\n<a href=\"https:\/\/youtu.be\/tYs6bFYq0nE\">https:\/\/youtu.be\/tYs6bFYq0nE<\/a><\/p>\n<p>Assista ao clipe:<br \/>\n<a href=\"https:\/\/youtu.be\/jJQ1tOdS6OE\">https:\/\/youtu.be\/jJQ1tOdS6OE<\/a><\/p>\n<p>Siga os Artistas:<br \/>\n<a href=\"https:\/\/www.instagram.com\/israelsalazar\/\">https:\/\/www.instagram.com\/israelsalazar\/<\/a><br \/>\n<a href=\"https:\/\/www.instagram.com\/klebsonkollins\/\">https:\/\/www.instagram.com\/klebsonkollins\/<\/a><\/p>\n<p>Acompanhe tamb\u00e9m o Brasas Music<br \/>\n<a href=\"https:\/\/instagram.com\/brasasmusic\">https:\/\/instagram.com\/brasasmusic<\/a><br \/>\n<a href=\"https:\/\/tiktok.com\/@brasasmusic\">https:\/\/tiktok.com\/@brasasmusic<\/a><br \/>\n<a href=\"https:\/\/youtube.com\/@BrasasMusic\">https:\/\/youtube.com\/@BrasasMusic<\/a><\/p>\n<p>Comunica\u00e7\u00e3o e Imprensa: Ag\u00eancia Infinit<br \/>\n<a href=\"https:\/\/instagram.com\/agenciainfinit\/\">https:\/\/instagram.com\/agenciainfinit\/<\/a><\/p>\n","protected":false},"excerpt":{"rendered":"<p>Brasas Music anuncia o lan\u00e7amento de \u201cVento que Vem\u201d, primeira can\u00e7\u00e3o do projeto \u201cSomos Brasas 2\u201d, gravado ao vivo e&hellip;<\/p>\n","protected":false},"author":3,"featured_media":1535,"comment_status":"open","ping_status":"open","sticky":false,"template":"","format":"standard","meta":{"footnotes":""},"categories":[1],"tags":[],"class_list":["post-1534","post","type-post","status-publish","format-standard","has-post-thumbnail","hentry","category-blog"],"aioseo_notices":[],"jetpack_featured_media_url":"https:\/\/ccnamazonia.com.br\/wp-content\/uploads\/2026\/01\/SOMOS-BRASAS-2-scaled.jpg","_links":{"self":[{"href":"https:\/\/ccnamazonia.com.br\/index.php?rest_route=\/wp\/v2\/posts\/1534","targetHints":{"allow":["GET"]}}],"collection":[{"href":"https:\/\/ccnamazonia.com.br\/index.php?rest_route=\/wp\/v2\/posts"}],"about":[{"href":"https:\/\/ccnamazonia.com.br\/index.php?rest_route=\/wp\/v2\/types\/post"}],"author":[{"embeddable":true,"href":"https:\/\/ccnamazonia.com.br\/index.php?rest_route=\/wp\/v2\/users\/3"}],"replies":[{"embeddable":true,"href":"https:\/\/ccnamazonia.com.br\/index.php?rest_route=%2Fwp%2Fv2%2Fcomments&post=1534"}],"version-history":[{"count":1,"href":"https:\/\/ccnamazonia.com.br\/index.php?rest_route=\/wp\/v2\/posts\/1534\/revisions"}],"predecessor-version":[{"id":1536,"href":"https:\/\/ccnamazonia.com.br\/index.php?rest_route=\/wp\/v2\/posts\/1534\/revisions\/1536"}],"wp:featuredmedia":[{"embeddable":true,"href":"https:\/\/ccnamazonia.com.br\/index.php?rest_route=\/wp\/v2\/media\/1535"}],"wp:attachment":[{"href":"https:\/\/ccnamazonia.com.br\/index.php?rest_route=%2Fwp%2Fv2%2Fmedia&parent=1534"}],"wp:term":[{"taxonomy":"category","embeddable":true,"href":"https:\/\/ccnamazonia.com.br\/index.php?rest_route=%2Fwp%2Fv2%2Fcategories&post=1534"},{"taxonomy":"post_tag","embeddable":true,"href":"https:\/\/ccnamazonia.com.br\/index.php?rest_route=%2Fwp%2Fv2%2Ftags&post=1534"}],"curies":[{"name":"wp","href":"https:\/\/api.w.org\/{rel}","templated":true}]}}