{"id":1524,"date":"2026-01-18T16:41:04","date_gmt":"2026-01-18T19:41:04","guid":{"rendered":"https:\/\/ccnamazonia.com.br\/?p=1524"},"modified":"2026-01-18T16:41:04","modified_gmt":"2026-01-18T19:41:04","slug":"coletivo-candiero-celebra-a-cultura-brasileira-no-album-o-grande-banquete-ao-vivo-em-joao-pessoa","status":"publish","type":"post","link":"https:\/\/ccnamazonia.com.br\/?p=1524","title":{"rendered":"Coletivo Candiero celebra a cultura brasileira no \u00e1lbum \u201cO Grande Banquete &#8211; Ao Vivo em Jo\u00e3o Pessoa\u201d"},"content":{"rendered":"<p>Na estrada desde 2019, o Coletivo Candiero se tornou sin\u00f4nimo de brasilidade dentro do segmento gospel. Formada por 16 artistas nordestinos liderados por Marco Telles, a trupe faz parte do cast da Onimusic e come\u00e7a 2026 trazendo o \u00e1lbum \u201cO Grande Banquete &#8211; Ao Vivo em Jo\u00e3o Pessoa\u201d.<\/p>\n<p>O repert\u00f3rio re\u00fane 20 can\u00e7\u00f5es, sendo que algumas delas integraram a vers\u00e3o em est\u00fadio de \u201cO Grande Banquete\u201d, lan\u00e7ada em fevereiro de 2025 e que soma mais de 7 milh\u00f5es de streams nas plataformas. O sucesso do projeto se confirmou com a turn\u00ea hom\u00f4nima que percorreu v\u00e1rias cidades do Brasil e com a vers\u00e3o estendida do \u00e1lbum que veio em novembro do mesmo ano.<\/p>\n<p>J\u00e1 \u201cO Grande Banquete &#8211; Ao Vivo em Jo\u00e3o Pessoa\u201d foi gravado no teatro de arena do Espa\u00e7o Cultural Jos\u00e9 Lins do R\u00eago, na Para\u00edba, com cerca de 1500 pessoas vindas de Recife, Salvador, Fortaleza e at\u00e9 de fora do Nordeste.<\/p>\n<p>&#8211; \u201cO Grande Banquete\u201d representa a consolida\u00e7\u00e3o de uma est\u00e9tica que o Candiero come\u00e7ou a desenvolver a partir do \u00e1lbum \u201cAmado Tim\u00f3teo\u201d, que \u00e9 essa modalidade \u201cserm\u00e3o musical\u201d. Este novo estilo de produ\u00e7\u00e3o atesta a capacidade do Candiero em levar adiante este novo estilo no meio gospel. Eu encaro \u201cO Grande Banquete\u201d como uma obra com tra\u00e7os de biografia porque \u00e9 a minha hist\u00f3ria que est\u00e1 ali dilu\u00edda entre as frases do serm\u00e3o. A minha hist\u00f3ria \u00e9 s\u00f3 uma outra forma de entender a hist\u00f3ria de todos que um dia foram encontrados por Cristo e agora, lan\u00e7ar esse \u00e1lbum ao vivo trar\u00e1 tamb\u00e9m novos passos que espero que a gente identifique naturalmente e continue caminhando ao lado da nossa fam\u00edlia candieiristica &#8211; explica Marco Telles, que assina a dire\u00e7\u00e3o geral do \u00e1lbum ao lado de Filipe da Guia.<\/p>\n<p>E para interpretar as faixas do projeto, \u201cO Grande Banquete &#8211; Ao Vivo em Jo\u00e3o Pessoa\u201d conta com as participa\u00e7\u00f5es de Camar\u00e1, Midian Nascimento, Ana Heloysa, Daniel Alves e Jo\u00e3o Man\u00f4.<\/p>\n<p>&#8211; O repert\u00f3rio foi definido a partir do tema central do serm\u00e3o musical de \u201cO Grande Banquete\u201d. Eu n\u00e3o queria rodar com esse projeto sozinho, sobretudo porque trata-se de uma mensagem onde a met\u00e1fora principal \u00e9 a festa, a mesa, a congrega\u00e7\u00e3o de muitos. Ent\u00e3o decidi convidar meus amigos de Candiero para rodarem comigo. Midian Nascimento, Ana Heloysa e banda Calmar\u00e1 compuseram essa festa e cada um trouxe para mesa can\u00e7\u00f5es de seu pr\u00f3prio repert\u00f3rio que dialogavam com o tema central de \u201cO Grande Banquete\u201d: reden\u00e7\u00e3o, compaix\u00e3o, reconcilia\u00e7\u00e3o e festa. As can\u00e7\u00f5es pediam umas \u00e0s outras e cada qual puxava a pr\u00f3xima de forma muito natural. Em poucos minutos t\u00ednhamos a lista completa &#8211; recorda Telles.<\/p>\n<p>E para o lan\u00e7amento do novo \u00e1lbum, o Candiero teve uma ideia ousada: apresentar o projeto completo para uma plateia no cinema do Mana\u00edra Shopping, em Jo\u00e3o Pessoa.<\/p>\n<p>&#8211; A ideia de apresentar o \u00e1lbum em um cinema surgiu da nossa necessidade obstinada de fazer a coisa pelo caminho mais alternativo e, se poss\u00edvel, dif\u00edcil. N\u00f3s do Candiero temos verdadeira repulsa pelo padr\u00e3o e pela estrada conhecida. A gente \u00e9 povo de trilha e povo de trilha demora mais pra chegar, \u00e0s vezes nem chega, se perde. A estrada aberta, \u00e0s vezes at\u00e9 asfaltada de t\u00e3o usual, \u00e9 mais r\u00e1pida, segura, sinalizada. A gente tamb\u00e9m pega esse caminho, n\u00e3o poucas vezes. Mas n\u00e3o podemos ver uma brecha no meio de um mato fechado que nos perguntamos \u201cE se\u2026?!\u201d. A ideia de levar esse lan\u00e7amento para o cinema vem dessa personalidade candieiristica. Come\u00e7ou assim: \u201cE se..?!\u201d &#8211; resume o artista.<\/p>\n<p>Al\u00e9m das can\u00e7\u00f5es que j\u00e1 s\u00e3o sucesso no \u00e1lbum lan\u00e7ado em 2025, como \u201cCasa Cheia\u201d e \u201cAu\u00ea (A F\u00e9 Ganhou)\u201d, o repert\u00f3rio traz a emblem\u00e1ticas \u201cColossenses e Suas Linhas de Amor\u201d, gravada por Marco Telles em 2022 com o fhop music.<\/p>\n<p>&#8211; Essa can\u00e7\u00e3o \u00e9 muito significativa em nossa hist\u00f3ria. Deus escolheu que, de todas as can\u00e7\u00f5es que j\u00e1 compusemos, gravamos e lan\u00e7amos a partir do Candiero, esta fosse a carro-chefe e por um bom tempo as contas da fam\u00edlia foram pagas por interm\u00e9dio dela. Eis o corvo que traz em seu bico a provid\u00eancia pra gente continuar caminhando. T\u00ea-la no repert\u00f3rio desse show, embora reimaginada dentro de um outro contexto est\u00e9tico, \u00e9 um favor ao p\u00fablico e um ato de gratid\u00e3o a Deus. Al\u00e9m desta, fizemos o mesmo processo de inser\u00e7\u00e3o de \u201c\u00danico\u201d, outra de nossas can\u00e7\u00f5es muito conhecidas e pedidas pelo p\u00fablico. O mesmo sentimento nos moveu com esta tamb\u00e9m e tivemos um mesmo resultado est\u00e9tico reimaginado. O show \u00e9 repleto de surpresas. N\u00e3o \u00e9 como uma montanha que possui apenas um cume, mas \u00e9 como os Andes que s\u00e3o repletos de pontas altas &#8211; filosofa Marco Telles.<\/p>\n<p>Dispon\u00edvel nas plataformas digitais e no canal do Coletivo Candiero no YouTube, \u201cO Grande Banquete &#8211; Ao Vivo em Jo\u00e3o Pessoa\u201d \u00e9 definido por seus protagonistas como \u201cum projeto lindo que une artistas alternativos de uma regi\u00e3o usualmente esquecida pela grande industria\u201d.<\/p>\n<p>&#8211; O p\u00fablico vai ver isso na tela do cinema em Jo\u00e3o Pessoa ou na TV em casa ao lado dos seus amigos e familiares ou na telinha do celular. O p\u00fablico vai ver e eu espero que sinta tamb\u00e9m, principalmente nos pelos do bra\u00e7o e da nuca &#8211; garante Marco Telles.<\/p>\n<p>O l\u00edder do Candiero adianta que os f\u00e3s da boa m\u00fasica nordestina produzida pelo coletivo devem ficar atentos ao canal do grupo no YouTube para n\u00e3o perder as novidades que est\u00e3o por vir.<\/p>\n<p>&#8211; Calmar\u00e1 est\u00e1 em est\u00fadio, Ana Heloysa est\u00e1 querendo entrar, Jo\u00e3o Man\u00f4 tem v\u00e1rias composi\u00e7\u00f5es prontas e tantos outros artistas do nosso movimento est\u00e3o esperando a hora de fazerem seus registros. Midian Nascimento est\u00e1 com uma proposta intimista e congregacional de apresenta\u00e7\u00e3o para rodar com isso por algumas cidades. Ana Heloysa e Daniel Alves est\u00e3o rodando uma turn\u00ea que conversa sobre o Norte do Brasil por meio de can\u00e7\u00f5es e testemunhos mission\u00e1rios. Vai ter muitas oportunidades de encontro com quem nos apoia e nos quer bem &#8211; finaliza.<\/p>\n<p><iframe loading=\"lazy\" title=\"Casa Cheia - Ao Vivo - Marco Telles &amp; Coletivo Candiero\" width=\"640\" height=\"360\" src=\"https:\/\/www.youtube.com\/embed\/qRyuHFG9D5M?feature=oembed\" frameborder=\"0\" allow=\"accelerometer; autoplay; clipboard-write; encrypted-media; gyroscope; picture-in-picture; web-share\" referrerpolicy=\"strict-origin-when-cross-origin\" allowfullscreen><\/iframe><\/p>\n","protected":false},"excerpt":{"rendered":"<p>Na estrada desde 2019, o Coletivo Candiero se tornou sin\u00f4nimo de brasilidade dentro do segmento gospel. Formada por 16 artistas&hellip;<\/p>\n","protected":false},"author":4,"featured_media":1525,"comment_status":"open","ping_status":"open","sticky":false,"template":"","format":"standard","meta":{"footnotes":""},"categories":[336],"tags":[473,471,476,389,474,478,475,388,472,386,477,72],"class_list":["post-1524","post","type-post","status-publish","format-standard","has-post-thumbnail","hentry","category-musica","tag-ana-heloysa","tag-camara","tag-casa-cheia","tag-coletivo-candiero","tag-daniel-alves","tag-filipe-da-guia","tag-joao-mano","tag-marco-telles","tag-midian-nascimento","tag-o-grande-banquete","tag-o-grande-banquete-ao-vivo-em-joao-pessoa","tag-onimusic"],"aioseo_notices":[],"jetpack_featured_media_url":"https:\/\/ccnamazonia.com.br\/wp-content\/uploads\/2026\/01\/Marcos-Telles-Coletivo-Candiero-4-scaled.jpg","_links":{"self":[{"href":"https:\/\/ccnamazonia.com.br\/index.php?rest_route=\/wp\/v2\/posts\/1524","targetHints":{"allow":["GET"]}}],"collection":[{"href":"https:\/\/ccnamazonia.com.br\/index.php?rest_route=\/wp\/v2\/posts"}],"about":[{"href":"https:\/\/ccnamazonia.com.br\/index.php?rest_route=\/wp\/v2\/types\/post"}],"author":[{"embeddable":true,"href":"https:\/\/ccnamazonia.com.br\/index.php?rest_route=\/wp\/v2\/users\/4"}],"replies":[{"embeddable":true,"href":"https:\/\/ccnamazonia.com.br\/index.php?rest_route=%2Fwp%2Fv2%2Fcomments&post=1524"}],"version-history":[{"count":1,"href":"https:\/\/ccnamazonia.com.br\/index.php?rest_route=\/wp\/v2\/posts\/1524\/revisions"}],"predecessor-version":[{"id":1526,"href":"https:\/\/ccnamazonia.com.br\/index.php?rest_route=\/wp\/v2\/posts\/1524\/revisions\/1526"}],"wp:featuredmedia":[{"embeddable":true,"href":"https:\/\/ccnamazonia.com.br\/index.php?rest_route=\/wp\/v2\/media\/1525"}],"wp:attachment":[{"href":"https:\/\/ccnamazonia.com.br\/index.php?rest_route=%2Fwp%2Fv2%2Fmedia&parent=1524"}],"wp:term":[{"taxonomy":"category","embeddable":true,"href":"https:\/\/ccnamazonia.com.br\/index.php?rest_route=%2Fwp%2Fv2%2Fcategories&post=1524"},{"taxonomy":"post_tag","embeddable":true,"href":"https:\/\/ccnamazonia.com.br\/index.php?rest_route=%2Fwp%2Fv2%2Ftags&post=1524"}],"curies":[{"name":"wp","href":"https:\/\/api.w.org\/{rel}","templated":true}]}}