{"id":1520,"date":"2026-01-16T19:06:00","date_gmt":"2026-01-16T22:06:00","guid":{"rendered":"https:\/\/ccnamazonia.com.br\/?p=1520"},"modified":"2026-01-16T19:06:12","modified_gmt":"2026-01-16T22:06:12","slug":"ja-de-verao-jovens-adventistas-promovem-culto-na-praia-durante-os-fins-de-semana-de-janeiro","status":"publish","type":"post","link":"https:\/\/ccnamazonia.com.br\/?p=1520","title":{"rendered":"JA de Ver\u00e3o: Jovens Adventistas promovem culto na praia durante os fins de semana de janeiro"},"content":{"rendered":"<p>A Praia da Barra da Tijuca vai ser a parada oficial para v\u00e1rios jovens nos dias 17, 24 e 31 de janeiro, a partir das 17h, na 17\u00aa edi\u00e7\u00e3o do JA de Ver\u00e3o promovido pela Igreja Adventista do S\u00e9timo Dia do Rio de Janeiro, com o prop\u00f3sito de falar do amor de Cristo de uma maneira acess\u00edvel e inclusiva com o slogan \u201cNosso culto \u00e9 na praia\u201d.<\/p>\n<p>Com a expectativa de receber 5 mil pessoas a cada s\u00e1bado, o evento acontece na Avenida do Pep\u00ea, 690, no Posto 2 da Barra da Tijuca, na zona oeste do Rio de Janeiro, pr\u00f3ximo ao Corpo de Bombeiros. O JA de Ver\u00e3o \u00e9 totalmente gratuito e conta com o apoio da Prefeitura e do Governo do Estado. Evento oficial do calend\u00e1rio da cidade, o festival j\u00e1 se tornou ponto tradicional no ver\u00e3o carioca e recebe fi\u00e9is de todo o Brasil.<\/p>\n<p>&#8211; Queremos ver Deus atuando de forma poderosa naquele lugar e ver o Seu amor em a\u00e7\u00e3o no nosso meio, transformando vidas e cora\u00e7\u00f5es. Teremos momentos de louvor, prega\u00e7\u00e3o da Palavra de Deus, intera\u00e7\u00e3o com o p\u00fablico, exposi\u00e7\u00e3o de pinturas por artistas que pintam com a boca, atendimento psicol\u00f3gico, tenda de ora\u00e7\u00e3o e o projeto Praia Para Todos, com acesso humanizado \u00e0 praia para os cadeirantes assistirem ao evento &#8211; detalha o pastor Maicon Galantini, l\u00edder de Jovens e Universit\u00e1rios da Associa\u00e7\u00e3o Rio Sul.<\/p>\n<p>Com o tema \u201cAncorados\u201d, a edi\u00e7\u00e3o deste ano traz as participa\u00e7\u00f5es do Minist\u00e9rio Viver o Louvor, Luis Gon\u00e7alves, Grupo Nova Voz, pastor Gabriel Guimar\u00e3es, Geraldo Esteban, Gabriela e Guilherme, Minist\u00e9rio F4ces, Mariana Farinha, pastor Anderson Carneiro e Rayssa Andreoli, a cantora fen\u00f4meno da internet com o sucesso \u201cImperfeito\u201d.<\/p>\n<p><img loading=\"lazy\" decoding=\"async\" class=\"alignnone wp-image-1522 size-large\" src=\"http:\/\/ccnamazonia.com.br\/wp-content\/uploads\/2026\/01\/JA-DE-VERAO-BANNER-OFICIAL-819x1024.jpeg\" alt=\"\" width=\"640\" height=\"800\" srcset=\"https:\/\/ccnamazonia.com.br\/wp-content\/uploads\/2026\/01\/JA-DE-VERAO-BANNER-OFICIAL-819x1024.jpeg 819w, https:\/\/ccnamazonia.com.br\/wp-content\/uploads\/2026\/01\/JA-DE-VERAO-BANNER-OFICIAL-240x300.jpeg 240w, https:\/\/ccnamazonia.com.br\/wp-content\/uploads\/2026\/01\/JA-DE-VERAO-BANNER-OFICIAL-768x960.jpeg 768w, https:\/\/ccnamazonia.com.br\/wp-content\/uploads\/2026\/01\/JA-DE-VERAO-BANNER-OFICIAL.jpeg 1080w\" sizes=\"auto, (max-width: 640px) 100vw, 640px\" \/><\/p>\n<p><strong>SERVI\u00c7O: JA de Ver\u00e3o &#8211; Ancorados | Nosso Culto \u00e9 na Praia<\/strong><br \/>\nData: 17, 24 e 31 de janeiro (s\u00e1bado)<br \/>\nHor\u00e1rio: 17h<br \/>\nLocal: Praia da Barra<br \/>\nEndere\u00e7o: Avenida do Pep\u00ea, 690, no Posto 2 da Barra da Tijuca, na zona oeste do Rio de Janeiro, pr\u00f3ximo ao Corpo de Bombeiros<br \/>\nParticipa\u00e7\u00f5es: Minist\u00e9rio Viver o Louvor, Luis Gon\u00e7alves, Grupo Nova Voz, pastor Gabriel Guimar\u00e3es, Geraldo Esteban, Gabriela e Guilherme, Minist\u00e9rio F4ces, Mariana Farinha, Rayssa Andreoli e pastor Anderson Carneiro<br \/>\nEntrada Franca<\/p>\n<p><iframe loading=\"lazy\" title=\"Em Ti - Tema JA de Ver\u00e3o 2026\" width=\"640\" height=\"360\" src=\"https:\/\/www.youtube.com\/embed\/tfokVjUNe8A?feature=oembed\" frameborder=\"0\" allow=\"accelerometer; autoplay; clipboard-write; encrypted-media; gyroscope; picture-in-picture; web-share\" referrerpolicy=\"strict-origin-when-cross-origin\" allowfullscreen><\/iframe><\/p>\n","protected":false},"excerpt":{"rendered":"<p>A Praia da Barra da Tijuca vai ser a parada oficial para v\u00e1rios jovens nos dias 17, 24 e 31&hellip;<\/p>\n","protected":false},"author":4,"featured_media":1521,"comment_status":"open","ping_status":"open","sticky":false,"template":"","format":"standard","meta":{"footnotes":""},"categories":[336],"tags":[466,465,463,460,462,468,467,461,470,464,469],"class_list":["post-1520","post","type-post","status-publish","format-standard","has-post-thumbnail","hentry","category-musica","tag-gabriela-e-guilherme","tag-geraldo-esteban","tag-grupo-nova-voz","tag-ja-de-verao","tag-luis-goncalves","tag-mariana-farinha","tag-ministerio-f4ces","tag-ministerio-viver-o-louvor","tag-pastor-anderson-carneiro","tag-pastor-gabriel-guimaraes","tag-rayssa-andreoli"],"aioseo_notices":[],"jetpack_featured_media_url":"https:\/\/ccnamazonia.com.br\/wp-content\/uploads\/2026\/01\/JA-DE-VERAO-scaled.png","_links":{"self":[{"href":"https:\/\/ccnamazonia.com.br\/index.php?rest_route=\/wp\/v2\/posts\/1520","targetHints":{"allow":["GET"]}}],"collection":[{"href":"https:\/\/ccnamazonia.com.br\/index.php?rest_route=\/wp\/v2\/posts"}],"about":[{"href":"https:\/\/ccnamazonia.com.br\/index.php?rest_route=\/wp\/v2\/types\/post"}],"author":[{"embeddable":true,"href":"https:\/\/ccnamazonia.com.br\/index.php?rest_route=\/wp\/v2\/users\/4"}],"replies":[{"embeddable":true,"href":"https:\/\/ccnamazonia.com.br\/index.php?rest_route=%2Fwp%2Fv2%2Fcomments&post=1520"}],"version-history":[{"count":1,"href":"https:\/\/ccnamazonia.com.br\/index.php?rest_route=\/wp\/v2\/posts\/1520\/revisions"}],"predecessor-version":[{"id":1523,"href":"https:\/\/ccnamazonia.com.br\/index.php?rest_route=\/wp\/v2\/posts\/1520\/revisions\/1523"}],"wp:featuredmedia":[{"embeddable":true,"href":"https:\/\/ccnamazonia.com.br\/index.php?rest_route=\/wp\/v2\/media\/1521"}],"wp:attachment":[{"href":"https:\/\/ccnamazonia.com.br\/index.php?rest_route=%2Fwp%2Fv2%2Fmedia&parent=1520"}],"wp:term":[{"taxonomy":"category","embeddable":true,"href":"https:\/\/ccnamazonia.com.br\/index.php?rest_route=%2Fwp%2Fv2%2Fcategories&post=1520"},{"taxonomy":"post_tag","embeddable":true,"href":"https:\/\/ccnamazonia.com.br\/index.php?rest_route=%2Fwp%2Fv2%2Ftags&post=1520"}],"curies":[{"name":"wp","href":"https:\/\/api.w.org\/{rel}","templated":true}]}}