{"id":1512,"date":"2026-01-06T17:17:03","date_gmt":"2026-01-06T20:17:03","guid":{"rendered":"https:\/\/ccnamazonia.com.br\/?p=1512"},"modified":"2026-01-06T17:17:03","modified_gmt":"2026-01-06T20:17:03","slug":"mari-rocha-anuncia-nova-fase-ministerial-com-gestao-de-agenda-pela-crt-producoes","status":"publish","type":"post","link":"https:\/\/ccnamazonia.com.br\/?p=1512","title":{"rendered":"Mari Rocha anuncia nova fase ministerial com gest\u00e3o de agenda pela CRT Produ\u00e7\u00f5es"},"content":{"rendered":"<p>Mari Rocha inicia uma nova etapa em sua trajet\u00f3ria com a gest\u00e3o de agenda e expans\u00e3o ministerial conduzida pela CRT Produ\u00e7\u00f5es.<\/p>\n<p>Reconhecida por sua hist\u00f3ria de vida marcada por experi\u00eancias em programas de TV, trajet\u00f3ria ministerial s\u00f3lida e forma\u00e7\u00e3o de milhares de vozes, Mari segue com compromisso renovado de levar adora\u00e7\u00e3o com excel\u00eancia, sensibilidade espiritual e prop\u00f3sito.<\/p>\n<p>A CRT Produ\u00e7\u00f5es passa a cuidar da agenda de ministra\u00e7\u00f5es, planejamento estrat\u00e9gico e fortalecimento das alian\u00e7as ministeriais de Mari Rocha.<\/p>\n<p>A parceria visa organizar e ampliar a atua\u00e7\u00e3o da cantora em igrejas, eventos e projetos ministeriais, garantindo que cada apresenta\u00e7\u00e3o seja preparada com zelo e alinhamento ao chamado espiritual que orienta sua carreira.<\/p>\n<p>A trajet\u00f3ria de Mari Rocha come\u00e7ou cedo, com participa\u00e7\u00f5es em programas como \u201c\u00cddolos\u201d, \u201cAstros\u201d e \u201cQual o Seu Talento\u201d. Essas experi\u00eancias foram fundamentais para seu desenvolvimento art\u00edstico e pessoal, oferecendo viv\u00eancia de palco, disciplina e preparo emocional.<\/p>\n<p>Tempo de exposi\u00e7\u00e3o e avalia\u00e7\u00e3o tamb\u00e9m a levou a uma profunda reflex\u00e3o sobre identidade e prop\u00f3sito: &#8220;entendi que minha voz n\u00e3o \u00e9 apenas uma ferramenta art\u00edstica, mas algo que Deus escolheu para servir&#8221;, afirma Mari.<\/p>\n<p>A mudan\u00e7a para S\u00e3o Paulo e o ingresso no Minist\u00e9rio Raiz Coral marcaram um ponto de virada.<\/p>\n<p>No Raiz Coral, Mari foi edificada nos princ\u00edpios de unidade, excel\u00eancia, submiss\u00e3o e servi\u00e7o, aprendendo a valorizar o minist\u00e9rio como corpo de Cristo e a import\u00e2ncia de atuar em comunh\u00e3o com outros ministros.<\/p>\n<p>Em 2013 Mari lan\u00e7ou o \u00e1lbum \u201cPresente\u201d, cujo nome reflete a convic\u00e7\u00e3o de que tudo \u00e9 dom de Deus.<\/p>\n<p>O projeto contou com participa\u00e7\u00f5es relevantes e representou um marco em sua carreira, al\u00e9m de consolidar parcerias ministeriais importantes.<\/p>\n<p>Paralelamente \u00e0 carreira como cantora, Mari construiu uma s\u00f3lida atua\u00e7\u00e3o como professora de canto, alcan\u00e7ando mais de 15 mil alunos.<\/p>\n<p>O ensino vocal surgiu inicialmente na igreja e cresceu como chamado ministerial: &#8220;Deus me mostrou que o ensino do canto era parte do meu minist\u00e9rio, destravar vozes, devolver identidade e formar ministros&#8221;, declara Mari.<\/p>\n<p>Mari tamb\u00e9m atua na cria\u00e7\u00e3o de arranjos e no mapeamento vocal, com trabalhos como o arranjo e mapeamento vocal do DVD \u201cA Presen\u00e7a\u201d da cantora Gabriela Rocha.<\/p>\n<p>Para Mari, a t\u00e9cnica serve \u00e0 un\u00e7\u00e3o: &#8220;Quando tudo est\u00e1 bem organizado, o ministro consegue se entregar com mais liberdade&#8221;, explica.<\/p>\n<p>Para 2026, Mari compartilha uma vis\u00e3o de expans\u00e3o com profundidade, menos pressa e mais prop\u00f3sito.<\/p>\n<p>Ela entende este per\u00edodo como uma fase de amadurecimento ministerial onde ensino, louvor e presen\u00e7a caminham juntos.<\/p>\n<p>Tamb\u00e9m celebra a nova fase pessoal de ser m\u00e3e, considerando esse momento como sinal de b\u00ean\u00e7\u00e3o e continuidade do prop\u00f3sito divino em sua vida.<\/p>\n<p>Com a gest\u00e3o da CRT Produ\u00e7\u00f5es, as igrejas e organizadores de eventos podem esperar: Ministra\u00e7\u00f5es preparadas com zelo espiritual e musical; Programa\u00e7\u00e3o alinhada ao prop\u00f3sito e \u00e0 sensibilidade pastoral; Profissionalismo na log\u00edstica e atendimento de agenda; Disponibilidade para parcerias, workshops e treinamentos vocais.<\/p>\n<p>&#8220;Essa parceria com a CRT Produ\u00e7\u00f5es vem para organizar, ampliar e fortalecer aquilo que Deus j\u00e1 vinha construindo. As igrejas podem esperar ministra\u00e7\u00f5es profundas, preparadas com zelo, e um cora\u00e7\u00e3o dispon\u00edvel para servir&#8221;, afirma Mari Rocha.<\/p>\n<p>Siga Mari Rocha<br \/>\n<a href=\"https:\/\/www.instagram.com\/marirochaoficial\/\">https:\/\/www.instagram.com\/marirochaoficial\/<\/a><\/p>\n<p>Siga CRT Produ\u00e7\u00f5es<br \/>\n<a href=\"https:\/\/www.instagram.com\/crtproducoes\/\">https:\/\/www.instagram.com\/crtproducoes\/<\/a><\/p>\n<p>Comunica\u00e7\u00e3o e Imprensa: Ag\u00eancia Infinit<br \/>\n<a href=\"https:\/\/www.instagram.com\/agenciainfinit\">https:\/\/www.instagram.com\/agenciainfinit<\/a><\/p>\n","protected":false},"excerpt":{"rendered":"<p>Mari Rocha inicia uma nova etapa em sua trajet\u00f3ria com a gest\u00e3o de agenda e expans\u00e3o ministerial conduzida pela CRT&hellip;<\/p>\n","protected":false},"author":3,"featured_media":1514,"comment_status":"open","ping_status":"open","sticky":false,"template":"","format":"standard","meta":{"footnotes":""},"categories":[336],"tags":[],"class_list":["post-1512","post","type-post","status-publish","format-standard","has-post-thumbnail","hentry","category-musica"],"aioseo_notices":[],"jetpack_featured_media_url":"https:\/\/ccnamazonia.com.br\/wp-content\/uploads\/2026\/01\/Mari-Rocha.jpeg","_links":{"self":[{"href":"https:\/\/ccnamazonia.com.br\/index.php?rest_route=\/wp\/v2\/posts\/1512","targetHints":{"allow":["GET"]}}],"collection":[{"href":"https:\/\/ccnamazonia.com.br\/index.php?rest_route=\/wp\/v2\/posts"}],"about":[{"href":"https:\/\/ccnamazonia.com.br\/index.php?rest_route=\/wp\/v2\/types\/post"}],"author":[{"embeddable":true,"href":"https:\/\/ccnamazonia.com.br\/index.php?rest_route=\/wp\/v2\/users\/3"}],"replies":[{"embeddable":true,"href":"https:\/\/ccnamazonia.com.br\/index.php?rest_route=%2Fwp%2Fv2%2Fcomments&post=1512"}],"version-history":[{"count":1,"href":"https:\/\/ccnamazonia.com.br\/index.php?rest_route=\/wp\/v2\/posts\/1512\/revisions"}],"predecessor-version":[{"id":1515,"href":"https:\/\/ccnamazonia.com.br\/index.php?rest_route=\/wp\/v2\/posts\/1512\/revisions\/1515"}],"wp:featuredmedia":[{"embeddable":true,"href":"https:\/\/ccnamazonia.com.br\/index.php?rest_route=\/wp\/v2\/media\/1514"}],"wp:attachment":[{"href":"https:\/\/ccnamazonia.com.br\/index.php?rest_route=%2Fwp%2Fv2%2Fmedia&parent=1512"}],"wp:term":[{"taxonomy":"category","embeddable":true,"href":"https:\/\/ccnamazonia.com.br\/index.php?rest_route=%2Fwp%2Fv2%2Fcategories&post=1512"},{"taxonomy":"post_tag","embeddable":true,"href":"https:\/\/ccnamazonia.com.br\/index.php?rest_route=%2Fwp%2Fv2%2Ftags&post=1512"}],"curies":[{"name":"wp","href":"https:\/\/api.w.org\/{rel}","templated":true}]}}