{"id":1508,"date":"2025-12-30T20:55:00","date_gmt":"2025-12-30T23:55:00","guid":{"rendered":"https:\/\/ccnamazonia.com.br\/?p=1508"},"modified":"2025-12-30T20:55:00","modified_gmt":"2025-12-30T23:55:00","slug":"reveillon-do-rio-tera-esquema-especial-de-transito-e-acao-de-evangelismo-nas-proximidades-do-palco-leme","status":"publish","type":"post","link":"https:\/\/ccnamazonia.com.br\/?p=1508","title":{"rendered":"R\u00e9veillon do Rio ter\u00e1 esquema especial de tr\u00e2nsito e a\u00e7\u00e3o de evangelismo nas proximidades do Palco Leme"},"content":{"rendered":"<p>O R\u00e9veillon do Rio de Janeiro tem a expectativa de receber mais de cinco milh\u00f5es de pessoas nas ruas da cidade, que ter\u00e1 13 palcos distribu\u00eddos por Copacabana, Leme, Flamengo, Madureira, Campo Grande, Ilha do Governador, Ramos, Paquet\u00e1, Realengo, Penha, Sepetiba e Pedra de Guaratiba, representando a diversidade e a energia da m\u00fasica brasileira.<\/p>\n<p>E, pelo segundo ano consecutivo, a m\u00fasica gospel marca presen\u00e7a no Palco Leme, que ter\u00e1 um elenco bastante ecl\u00e9tico formado pelo DJ Marcelo Ara\u00fajo, Thalles Roberto, Thain\u00e1 Gon\u00e7alves, Midian Lima, Samuel Messias e Marcados Pagode Gospel. Al\u00e9m disso, o espa\u00e7o ter\u00e1 a presen\u00e7a do pastor Cl\u00e1udio Duarte, que se tornou refer\u00eancia em ministra\u00e7\u00f5es sobre fam\u00edlia, casamento e vida crist\u00e3.<\/p>\n<p>&#8211; \u00c9 o segundo ano que a m\u00fasica gospel e a cultura crist\u00e3 ocupa um palco em Copacabana. Tivemos a participa\u00e7\u00e3o da igreja no ano passado com mais de mil b\u00edblias distribu\u00eddas. Neste ano, vamos desejar um ano de 2026 de muita paz, b\u00ean\u00e7\u00e3os para toda a cidade e uma virada espetacular &#8211; declarou Wellington J\u00fanior, Gerente de Eventos Especiais da Empresa de Turismo do Munic\u00edpio do Rio de Janeiro (RioTur).<\/p>\n<p>Somado a isso, o espa\u00e7o no Leme ter\u00e1 uma grande a\u00e7\u00e3o de evangelismo com a parceria da Sociedade B\u00edblica do Brasil (SBB), que, pela segunda vez, fornecer\u00e1 Novos Testamentos da B\u00edblia para ser entregues, com uma dedicat\u00f3ria escrita \u00e0 m\u00e3o por um volunt\u00e1rios em cada exemplar.<\/p>\n<p>De acordo com Eduardo Vieira, promotor institucional da SBB-RJ, a virada do ano em para 2025 foi um momento hist\u00f3rico porque milhares de pessoas puderam iniciar o ano sendo alcan\u00e7adas por uma mensagem de f\u00e9, esperan\u00e7a e prop\u00f3sito de vida. Para o R\u00e9veillon deste ano, ele acredita que a edi\u00e7\u00e3o ser\u00e1 espetacular.<\/p>\n<p>&#8211; A expectativa \u00e9 viver mais uma virada de ano marcada por excelentes momentos, celebra\u00e7\u00e3o e muita inspira\u00e7\u00e3o no Palco Leme, fortalecendo esse espa\u00e7o como um ambiente de adora\u00e7\u00e3o e proclama\u00e7\u00e3o da f\u00e9 crist\u00e3. Estamos preparando um momento especial de evangelismo, que incluir\u00e1 a distribui\u00e7\u00e3o de Novos Testamentos e levar \u00e0s pessoas a esperan\u00e7a viva que h\u00e1 em Cristo por meio da Palavra de Deus &#8211; afirma Eduardo.<\/p>\n<p>Aproximadamente 20 igrejas do Rio de Janeiro v\u00e3o participar da mobiliza\u00e7\u00e3o deixando dedicat\u00f3rias e enviando os seus volunt\u00e1rios. Eduardo Vieira deseja que o p\u00fablico que optar pela virada do ano nas proximidades do Palco Leme sejam marcadas pela presen\u00e7a de Deus e transformadas por Sua Palavra, \u201cque \u00e9 viva, eficaz e capaz de gerar novos come\u00e7os\u201d.<\/p>\n<p>&#8211; Esta mobiliza\u00e7\u00e3o revela a unidade do corpo de Cristo em torno de um mesmo prop\u00f3sito: anunciar o Evangelho. Juntos queremos impactar cora\u00e7\u00f5es com a mensagem de f\u00e9, esperan\u00e7a e salva\u00e7\u00e3o que s\u00f3 Cristo oferece. Nosso desejo \u00e9 que cada pessoa alcan\u00e7ada possa iniciar um novo tempo marcada pela presen\u00e7a de Deus e pela esperan\u00e7a viva revelada em Cristo &#8211; garante Eduardo Vieira.<\/p>\n<p>E para chegar ao Palco Leme e aos demais locais de shows do R\u00e9veillon Rio 2026, a Prefeitura montou um esquema especial de tr\u00e2nsito com cerca de 7.500 agentes municipais de 11 \u00f3rg\u00e3os trabalhando para garantir a festa de cariocas e turistas, com ordem p\u00fablica, opera\u00e7\u00e3o de transportes, fiscaliza\u00e7\u00e3o de tr\u00e2nsito, limpeza, assist\u00eancia social, atendimento de emerg\u00eancia, acolhimento e preven\u00e7\u00e3o de viol\u00eancia contra a mulher. Tudo isso monitorado por 700 c\u00e2meras, incluindo 14 novos equipamentos com superzoom para ajudar na seguran\u00e7a.<\/p>\n<p>De acordo com as orienta\u00e7\u00f5es da Prefeitura, a melhor op\u00e7\u00e3o para chegar ao Palco Leme e \u00e0s demais atra\u00e7\u00f5es \u00e9 por meio do transporte p\u00fablico &#8211; metr\u00f4, trens e \u00f4nibus.<\/p>\n<p>O Metr\u00f4Rio montou uma opera\u00e7\u00e3o especial, que ser\u00e1 realizada das 19h do dia 31\/12 (quarta-feira) at\u00e9 5h de 1\u00ba de janeiro (quinta-feira) e ser\u00e1 preciso adquirir o passaporte de embarque para o r\u00e9veillon 2026 (QR Code e pulseira de retorno), que est\u00e1 \u00e0 venda pelo aplicativo ou site da concession\u00e1ria at\u00e9 \u00e0s 18h do dia 31 &#8211; <a href=\"http:\/\/www.metrorio.com.br\/reveillon\">www.metrorio.com.br\/reveillon<\/a>.<\/p>\n<p>J\u00e1 na SuperVia, a Esta\u00e7\u00e3o Central do Brasil vai fechar no dia 31 \u00e0s 21h15 e reabre no dia 1\u00ba \u00e0 0h20. Os trens ter\u00e3o intervalo de 17 minutos da reabertura da Central do Brasil at\u00e9 \u00e0s duas da manh\u00e3. Depois desse hor\u00e1rio, o funcionamento ser\u00e1 a cada hora.<\/p>\n<p>Em rela\u00e7\u00e3o aos \u00f4nibus, a Secretaria Municipal de Transportes (SMTR) vai concentrar toda a opera\u00e7\u00e3o na regi\u00e3o de Botafogo, que abrigar\u00e1 linhas de \u00f4nibus municipais e intermunicipais com a ativa\u00e7\u00e3o do Terminal Enseada de Botafogo e pontos intermedi\u00e1rios na Praia de Botafogo, com dez linhas da Zona Norte, duas para a Ilha do Governador, duas para o Centro e Grande Tijuca e dez atendendo as Zonas Oeste e Sudoeste, al\u00e9m de linhas intermunicipais atendendo o Leste e a Baixada Fluminense e a Regi\u00e3o Serrana.<\/p>\n<p>Para mais informa\u00e7\u00f5es sobre o tr\u00e2nsito, acesse o <a href=\"https:\/\/cor.rio\/reveillon-rio-2026-prefeitura-apresenta-planejamento-operacional-para-as-festas-da-cidade-na-virada\/\">site do Centro de Opera\u00e7\u00f5es e Resili\u00eancia (COR.Rio) da Prefeitura do Rio<\/a> e acompanhe em tempo real <a href=\"https:\/\/x.com\/OperacoesRio\">pelo perfil do Centro de Opera\u00e7\u00f5es Rio no X<\/a>.<\/p>\n<p><strong>SERVI\u00c7O: RIO R\u00c9VEILLON 2026<\/strong><br \/>\n<strong>PALCO BANCO DO BRASIL &#8211; LEME <\/strong><br \/>\n18h &#8211; DJ Marcelo Ara\u00fajo<br \/>\n19h20 &#8211; Midian Lima<br \/>\n20h20 &#8211; Pr. Claudio Duarte<br \/>\n20h45 &#8211; Samuel Messias<br \/>\n22h15 &#8211; Thalles Roberto (e Thain\u00e1 Gon\u00e7alves)<br \/>\n0h12 &#8211; Grupo Marcados<br \/>\n1h22 &#8211; DJ Marcelo Ara\u00fajo<\/p>\n","protected":false},"excerpt":{"rendered":"<p>O R\u00e9veillon do Rio de Janeiro tem a expectativa de receber mais de cinco milh\u00f5es de pessoas nas ruas da&hellip;<\/p>\n","protected":false},"author":4,"featured_media":1509,"comment_status":"open","ping_status":"open","sticky":false,"template":"","format":"standard","meta":{"footnotes":""},"categories":[336],"tags":[458,27,36,24,432,431,459,29,456,23],"class_list":["post-1508","post","type-post","status-publish","format-standard","has-post-thumbnail","hentry","category-musica","tag-claudio-duarte","tag-dj-marcelo-araujo","tag-marcados-pagode-gospel","tag-midian-lima","tag-palco-banco-do-brasil-leme","tag-palco-leme","tag-reveillon-do-rio","tag-samuel-messias","tag-thaina-goncalves","tag-thalles-roberto"],"aioseo_notices":[],"jetpack_featured_media_url":"https:\/\/ccnamazonia.com.br\/wp-content\/uploads\/2025\/12\/PALCO-BANCO-DO-BRASIL-LEME-scaled.jpg","_links":{"self":[{"href":"https:\/\/ccnamazonia.com.br\/index.php?rest_route=\/wp\/v2\/posts\/1508","targetHints":{"allow":["GET"]}}],"collection":[{"href":"https:\/\/ccnamazonia.com.br\/index.php?rest_route=\/wp\/v2\/posts"}],"about":[{"href":"https:\/\/ccnamazonia.com.br\/index.php?rest_route=\/wp\/v2\/types\/post"}],"author":[{"embeddable":true,"href":"https:\/\/ccnamazonia.com.br\/index.php?rest_route=\/wp\/v2\/users\/4"}],"replies":[{"embeddable":true,"href":"https:\/\/ccnamazonia.com.br\/index.php?rest_route=%2Fwp%2Fv2%2Fcomments&post=1508"}],"version-history":[{"count":1,"href":"https:\/\/ccnamazonia.com.br\/index.php?rest_route=\/wp\/v2\/posts\/1508\/revisions"}],"predecessor-version":[{"id":1510,"href":"https:\/\/ccnamazonia.com.br\/index.php?rest_route=\/wp\/v2\/posts\/1508\/revisions\/1510"}],"wp:featuredmedia":[{"embeddable":true,"href":"https:\/\/ccnamazonia.com.br\/index.php?rest_route=\/wp\/v2\/media\/1509"}],"wp:attachment":[{"href":"https:\/\/ccnamazonia.com.br\/index.php?rest_route=%2Fwp%2Fv2%2Fmedia&parent=1508"}],"wp:term":[{"taxonomy":"category","embeddable":true,"href":"https:\/\/ccnamazonia.com.br\/index.php?rest_route=%2Fwp%2Fv2%2Fcategories&post=1508"},{"taxonomy":"post_tag","embeddable":true,"href":"https:\/\/ccnamazonia.com.br\/index.php?rest_route=%2Fwp%2Fv2%2Ftags&post=1508"}],"curies":[{"name":"wp","href":"https:\/\/api.w.org\/{rel}","templated":true}]}}