{"id":1466,"date":"2025-12-09T16:02:22","date_gmt":"2025-12-09T19:02:22","guid":{"rendered":"https:\/\/ccnamazonia.com.br\/?p=1466"},"modified":"2025-12-22T16:15:44","modified_gmt":"2025-12-22T19:15:44","slug":"alda-celia-celebra-45-anos-de-ministerio-com-o-emocionante-lancamento-de-monte-siao","status":"publish","type":"post","link":"https:\/\/ccnamazonia.com.br\/?p=1466","title":{"rendered":"Alda C\u00e9lia celebra 45 anos de minist\u00e9rio com o emocionante lan\u00e7amento de \u201cMonte Si\u00e3o\u201d"},"content":{"rendered":"<p>A Flame Music anuncia o lan\u00e7amento de Monte Si\u00e3o, a nova can\u00e7\u00e3o da cantora e pastora Alda C\u00e9lia, marcando oficialmente o in\u00edcio das comemora\u00e7\u00f5es pelos seus 45 anos de minist\u00e9rio.<\/p>\n<p>A m\u00fasica in\u00e9dita integra um projeto especial que re\u00fane uma colet\u00e2nea de cl\u00e1ssicos que atravessaram gera\u00e7\u00f5es e reafirma a trajet\u00f3ria de uma das vozes mais influentes da adora\u00e7\u00e3o no Brasil.<\/p>\n<p>\u201cMonte Si\u00e3o\u201d nasceu de uma experi\u00eancia inesperada e profundamente espiritual. Ao compartilhar com sua amiga Veruska Marques o sonho de gravar a c\u00e9u aberto, em uma fazenda, Alda foi conduzida a um monte de ora\u00e7\u00e3o em Dourados.<\/p>\n<p>Ali, junto ao pastor Edson, consagraram aquele espa\u00e7o e o nomearam \u201cMonte Si\u00e3o\u201d. Um ano depois, Alda teve a alegria de inaugurar oficialmente o local, reservado para encontros de profunda conex\u00e3o com Deus em meio \u00e0 natureza.<\/p>\n<p>A grava\u00e7\u00e3o marcou um momento descrito pela artista como sobrenatural.<\/p>\n<p>A can\u00e7\u00e3o fala sobre a uni\u00e3o entre c\u00e9u e terra, representando um lugar de adora\u00e7\u00e3o onde a presen\u00e7a de Deus se manifestou de forma intensa e transformadora.<\/p>\n<p>\u201cMonte Si\u00e3o\u201d apresenta uma mensagem sobre c\u00e9us abertos, sinais e maravilhas e a experi\u00eancia de entrar em uma dimens\u00e3o maior do amor do Pai.<\/p>\n<p>O projeto comemorativo inclui tamb\u00e9m interpreta\u00e7\u00f5es de can\u00e7\u00f5es consagradas, como \u201cSala do Trono\u201d, \u201cDeus do Imposs\u00edvel\u201d, \u201cVoar Como \u00c1guia\u201d e \u201c\u00d3leo de Alegria\u201d. Convidados especiais refor\u00e7am a celebra\u00e7\u00e3o entre gera\u00e7\u00f5es.<\/p>\n<p>Eyshila participa da can\u00e7\u00e3o \u201cContinuarei Adorando\u201d em um momento descrito por Alda como profundamente prof\u00e9tico.<\/p>\n<p>Ruslayra interpreta \u201cVerdadeiro Adorador\u201d e Wagner Mamed canta \u201cDia do Milagre\u201d, fortalecendo a proposta de unir vozes que representam diferentes fases da adora\u00e7\u00e3o no pa\u00eds.<\/p>\n<p>Para Alda C\u00e9lia, esta colet\u00e2nea \u00e9 mais que uma celebra\u00e7\u00e3o musical. \u00c9 a mem\u00f3ria viva de 45 anos de entrega ao minist\u00e9rio de louvor e adora\u00e7\u00e3o. Ela compartilha sua alegria por apresentar ao p\u00fablico a primeira can\u00e7\u00e3o do novo \u00e1lbum e celebra, com humildade e gratid\u00e3o, a trajet\u00f3ria constru\u00edda desde a inf\u00e2ncia at\u00e9 se tornar uma refer\u00eancia nacional e internacional.<\/p>\n<p>Alda \u00e9 cantora, compositora de cerca de 200 m\u00fasicas, graduada em canto pela Universidade Federal de Goi\u00e1s, pastora, conferencista e uma das pioneiras do movimento de adora\u00e7\u00e3o no Brasil.<\/p>\n<p>De sua voz e de seu cora\u00e7\u00e3o surgiram can\u00e7\u00f5es que se tornaram trilhas sonoras da vida de milh\u00f5es de pessoas, como \u201cDeus do Imposs\u00edvel\u201d, \u201cVerdadeiro Adorador\u201d, \u201cMostra-me Tua Gl\u00f3ria\u201d, \u201cChuva de Avivamento\u201d e \u201cPoder da Ora\u00e7\u00e3o\u201d.<\/p>\n<p>Ao longo da carreira, teve composi\u00e7\u00f5es gravadas por nomes como Ben\u00e9 Gomes, Asaph Borba, Ludmila Ferber, Aline Barros, Cristina Mel, Kleber Lucas e Voices.<\/p>\n<p>Nascida no interior de Goi\u00e1s e filha de pastores, Alda iniciou seu minist\u00e9rio muito jovem. Sua jornada abrange grupos hist\u00f3ricos como \u201cAtalaia\u201d e o \u201cMinist\u00e9rio Koinonia de Louvor\u201d.<\/p>\n<p>Gravou CDs premiados, apresentou programas de TV, ministrou em confer\u00eancias no Brasil e nas na\u00e7\u00f5es e hoje atua ao lado do marido, pastor Robert Cavagnaro, no Golden Eagle Ministries.<\/p>\n<p>A marca de Alda C\u00e9lia \u00e9 a busca incans\u00e1vel pela presen\u00e7a de Deus, a paix\u00e3o pela Palavra e a disposi\u00e7\u00e3o em ser instrumento de cura e restaura\u00e7\u00e3o. Suas ministra\u00e7\u00f5es s\u00e3o conhecidas por momentos de avivamento, sinais, milagres e profunda sensibilidade \u00e0 dire\u00e7\u00e3o do Esp\u00edrito Santo.<\/p>\n<p>Em \u201cMonte Si\u00e3o\u201d, essa ess\u00eancia se mant\u00e9m viva, pulsante e renovada.<\/p>\n<p>O lan\u00e7amento reafirma Alda como uma voz prof\u00e9tica essencial de sua gera\u00e7\u00e3o e celebra a continuidade de um legado constru\u00eddo com f\u00e9, dedica\u00e7\u00e3o e amor a Jesus Cristo.<\/p>\n<p>Ou\u00e7a nas plataformas digitais<br \/>\n<a href=\"https:\/\/onerpm.link\/AldaCelia-MonteSiao\">https:\/\/onerpm.link\/AldaCelia-MonteSiao<\/a><\/p>\n<p>Assista ao clipe<br \/>\n<a href=\"https:\/\/youtu.be\/w7t2cZN3yWo\">https:\/\/youtu.be\/w7t2cZN3yWo<\/a><\/p>\n<p>Siga Alda C\u00e9lia<br \/>\n<a href=\"https:\/\/www.instagram.com\/aldaceliaoficial\/\">https:\/\/www.instagram.com\/aldaceliaoficial\/<\/a><\/p>\n<p>Acompanhe tamb\u00e9m a Flame Music<br \/>\n<a href=\"https:\/\/www.instagram.com\/flamemusic_oficial\">https:\/\/www.instagram.com\/flamemusic_oficial<\/a><br \/>\n<a href=\"https:\/\/www.tiktok.com\/@flamemusic_oficial\">https:\/\/www.tiktok.com\/@flamemusic_oficial<\/a><br \/>\n<a href=\"https:\/\/youtube.com\/@flamemusicoficial\">https:\/\/youtube.com\/@flamemusicoficial<\/a><\/p>\n<p>Comunica\u00e7\u00e3o e Imprensa: Ag\u00eancia Infinit<br \/>\n<a href=\"https:\/\/instagram.com\/agenciainfinit\/\">https:\/\/instagram.com\/agenciainfinit\/<\/a><\/p>\n","protected":false},"excerpt":{"rendered":"<p>A Flame Music anuncia o lan\u00e7amento de Monte Si\u00e3o, a nova can\u00e7\u00e3o da cantora e pastora Alda C\u00e9lia, marcando oficialmente&hellip;<\/p>\n","protected":false},"author":3,"featured_media":1467,"comment_status":"open","ping_status":"open","sticky":false,"template":"","format":"standard","meta":{"footnotes":""},"categories":[336],"tags":[],"class_list":["post-1466","post","type-post","status-publish","format-standard","has-post-thumbnail","hentry","category-musica"],"aioseo_notices":[],"jetpack_featured_media_url":"https:\/\/ccnamazonia.com.br\/wp-content\/uploads\/2025\/12\/Alda-Celia-scaled.jpg","_links":{"self":[{"href":"https:\/\/ccnamazonia.com.br\/index.php?rest_route=\/wp\/v2\/posts\/1466","targetHints":{"allow":["GET"]}}],"collection":[{"href":"https:\/\/ccnamazonia.com.br\/index.php?rest_route=\/wp\/v2\/posts"}],"about":[{"href":"https:\/\/ccnamazonia.com.br\/index.php?rest_route=\/wp\/v2\/types\/post"}],"author":[{"embeddable":true,"href":"https:\/\/ccnamazonia.com.br\/index.php?rest_route=\/wp\/v2\/users\/3"}],"replies":[{"embeddable":true,"href":"https:\/\/ccnamazonia.com.br\/index.php?rest_route=%2Fwp%2Fv2%2Fcomments&post=1466"}],"version-history":[{"count":1,"href":"https:\/\/ccnamazonia.com.br\/index.php?rest_route=\/wp\/v2\/posts\/1466\/revisions"}],"predecessor-version":[{"id":1468,"href":"https:\/\/ccnamazonia.com.br\/index.php?rest_route=\/wp\/v2\/posts\/1466\/revisions\/1468"}],"wp:featuredmedia":[{"embeddable":true,"href":"https:\/\/ccnamazonia.com.br\/index.php?rest_route=\/wp\/v2\/media\/1467"}],"wp:attachment":[{"href":"https:\/\/ccnamazonia.com.br\/index.php?rest_route=%2Fwp%2Fv2%2Fmedia&parent=1466"}],"wp:term":[{"taxonomy":"category","embeddable":true,"href":"https:\/\/ccnamazonia.com.br\/index.php?rest_route=%2Fwp%2Fv2%2Fcategories&post=1466"},{"taxonomy":"post_tag","embeddable":true,"href":"https:\/\/ccnamazonia.com.br\/index.php?rest_route=%2Fwp%2Fv2%2Ftags&post=1466"}],"curies":[{"name":"wp","href":"https:\/\/api.w.org\/{rel}","templated":true}]}}