{"id":1379,"date":"2025-11-26T23:51:59","date_gmt":"2025-11-27T02:51:59","guid":{"rendered":"https:\/\/ccnamazonia.com.br\/?p=1379"},"modified":"2025-11-26T23:51:59","modified_gmt":"2025-11-27T02:51:59","slug":"rayza-transforma-ataque-de-hater-em-musica-e-lanca-a-impactante-natureza-de-adao","status":"publish","type":"post","link":"https:\/\/ccnamazonia.com.br\/?p=1379","title":{"rendered":"Rayza transforma ataque de hater em m\u00fasica e lan\u00e7a a impactante \u201cNatureza de Ad\u00e3o\u201d"},"content":{"rendered":"<p>Independente do n\u00famero de seguidores nas redes sociais, lidar com haters \u00e9 uma realidade na vida da maioria dos influenciadores. Mas, o que acontece quando um coment\u00e1rio depreciativo se torna inspira\u00e7\u00e3o para uma m\u00fasica?<\/p>\n<p>Foi isso que a digital influencer e agora cantora Rayza fez para lidar com um seguidor que a julgou ap\u00f3s a artista passar a falar mais abertamente sobre a sua f\u00e9. Depois de estrear no cen\u00e1rio musical com o single \u201cLimitada\u201d, lan\u00e7ado pela Onimusic, Rayza agora brinda o seu p\u00fablico com a can\u00e7\u00e3o \u201cNatureza de Ad\u00e3o\u201d, produzida por Wagner Derek.<\/p>\n<p>&#8211; \u201cNatureza de Ad\u00e3o\u201d foi uma resposta a um coment\u00e1rio meio atravessado que recebi nas redes sociais que foi \u201cAi, mas agora que voc\u00ea voltou para Jesus, voc\u00ea est\u00e1 toda certinha, toda santinha\u201d. E isso num tom bem depreciativo. A\u00ed, respondi esse coment\u00e1rio na minha mente e comecei a cantar \u201cN\u00e3o se engane comigo \/ Tenho a natureza de Ad\u00e3o\u201d. Por mais que a gente tenha essa tend\u00eancia a se expressar de maneira muito polida, todos n\u00f3s temos inclina\u00e7\u00f5es negativas com as quais a gente precisa lutar at\u00e9 o final &#8211; resume Rayza, fazendo alus\u00e3o \u00e0 natureza pecaminosa que \u00e9 consequ\u00eancia da desobedi\u00eancia de Ad\u00e3o ao comer o fruto proibido no Jardim do \u00c9den, como descrito em G\u00eanesis 3.<\/p>\n<p>Diferente de \u201cLimitada\u201d, que \u00e9 mais lenta e intimista, a nova m\u00fasica carrega uma intensidade pop-rock marcada por guitarras intensas que surpreendeu at\u00e9 mesmo a sua compositora e int\u00e9rprete, que tamb\u00e9m apresenta o lyric video da faixa em seu canal no YouTube.<\/p>\n<p>&#8211; Por enquanto, a m\u00fasica n\u00e3o tem clipe porque a gente sentiu que ele merecia um clipe com uma narrativa mais complexa e elaborada, mas n\u00e3o desisti da ideia. Quem sabe no final do projeto vem o clipe de \u201cNatureza de Ad\u00e3o\u201d &#8211; disse a artista, deixando um clima de expectativa no ar.<\/p>\n<p>Em suas redes sociais, Rayza compartilhou um momento delicado que enfrentou ao lado do filho Ben\u00edcio Jos\u00e9, fruto de seu casamento com Vin\u00edcius Pereira. O menino precisou passar por uma cirurgia, o que fez com que a cantora segurasse o lan\u00e7amento da can\u00e7\u00e3o.<\/p>\n<p>&#8211; N\u00e3o existe cen\u00e1rio ideal para recome\u00e7ar. J\u00e1 se passou um m\u00eas desde a cirurgia do meu beb\u00ea e, enquanto eu espero &#8220;a hora certa&#8221; para retomar os meus projetos de vida e trabalho, os dias t\u00eam passado num piscar de olhos. Eu, que tantas vezes repeti que o nosso tempo mais valioso \u00e9 o hoje e o agora, acabei presa a cenas que j\u00e1 se foram e ao medo do futuro. \u201cComo vou lan\u00e7ar uma m\u00fasica t\u00e3o pra cima se, em todos os dias presentes, tenho lutado para n\u00e3o cair em profunda tristeza?&#8221;, me pergunto. Mas me lembrei de que esse \u00e9 precisamente o melhor caminho: o da celebra\u00e7\u00e3o. Ainda que eu sinta que precisarei de um tempo para ressignificar tudo o que vivi nos \u00faltimos meses, estou cercada de boas not\u00edcias &#8211; meu beb\u00ea est\u00e1 bem e eu tamb\u00e9m ficarei. Quando estava longe, abatido, ferido, Ele disse: \u201cVem, dan\u00e7a comigo!&#8221; &#8211; compartilhou a cantora.<\/p>\n<p>Refer\u00eancia nacional quando o assunto \u00e9 beleza do cabelo crespo\/cacheado, aceita\u00e7\u00e3o dos cachos e transi\u00e7\u00e3o capilar, Rayza come\u00e7ou nesse universo digital em 2011, ao lan\u00e7ar um cover de Alicia Keys em seu canal no YouTube. Natural de Alagoas e atualmente radicada em Campinas (SP), ela participou da cria\u00e7\u00e3o de produtos e campanhas com grandes marcas de beleza e agora como cantora apresenta suas duas primeiras can\u00e7\u00f5es &#8211; \u201cNatureza de Ad\u00e3o\u201d e \u201cLimitada\u201d, que fazem parte do EP \u201cQuero Ser Eu\u201d, que tem a identidade como tema central.<\/p>\n<p>&#8211; Estou muito feliz com a repercuss\u00e3o de \u201cLimitada\u201d, ainda que eu esteja nessa fase como m\u00e3e de primeira viagem e equilibrando muitos pratos por aqui. Fico muito feliz com os depoimentos que eu tenho recebido das meninas dizendo que est\u00e3o se identificando com a letra. E vamos finalizar o EP ainda este ano. Temos mais duas m\u00fasicas do projeto que s\u00e3o \u201cQuero Ser Eu\u201d, que \u00e9 uma m\u00fasica sobre identidade e se relaciona com a minha hist\u00f3ria com aceita\u00e7\u00e3o e tudo que eu preguei ao longo dos anos na internet, e \u201cCart\u00e3o Viajante\u201d, que, eu n\u00e3o posso dizer que \u00e9 minha favorita porque todas s\u00e3o de lugares muito diferentes e especiais para mim, mas \u00e9 uma que estou muito animada para ver a galera cantando junto &#8211; finaliza a artista, que faz parte da igreja MEVAM Campinas, do pastor Juc\u00e9lio de Souza, e tem forte influ\u00eancia do blues, R&amp;B, jazz e soul.<\/p>\n<p><iframe loading=\"lazy\" title=\"RAYZA - NATUREZA DE AD\u00c3O (LYRIC VIDEO)\" width=\"640\" height=\"360\" src=\"https:\/\/www.youtube.com\/embed\/kCBC-C9ljgs?feature=oembed\" frameborder=\"0\" allow=\"accelerometer; autoplay; clipboard-write; encrypted-media; gyroscope; picture-in-picture; web-share\" referrerpolicy=\"strict-origin-when-cross-origin\" allowfullscreen><\/iframe><\/p>\n","protected":false},"excerpt":{"rendered":"<p>Independente do n\u00famero de seguidores nas redes sociais, lidar com haters \u00e9 uma realidade na vida da maioria dos influenciadores.&hellip;<\/p>\n","protected":false},"author":4,"featured_media":1380,"comment_status":"open","ping_status":"open","sticky":false,"template":"","format":"standard","meta":{"footnotes":""},"categories":[336],"tags":[406,405,72,407,403,404],"class_list":["post-1379","post","type-post","status-publish","format-standard","has-post-thumbnail","hentry","category-musica","tag-limitada","tag-natureza-de-adao","tag-onimusic","tag-quero-ser-eu","tag-rayza","tag-rayza-nicacio"],"aioseo_notices":[],"jetpack_featured_media_url":"https:\/\/ccnamazonia.com.br\/wp-content\/uploads\/2025\/11\/Rayza-Nicacio-by-Thalles-Leamari-scaled.jpeg","_links":{"self":[{"href":"https:\/\/ccnamazonia.com.br\/index.php?rest_route=\/wp\/v2\/posts\/1379","targetHints":{"allow":["GET"]}}],"collection":[{"href":"https:\/\/ccnamazonia.com.br\/index.php?rest_route=\/wp\/v2\/posts"}],"about":[{"href":"https:\/\/ccnamazonia.com.br\/index.php?rest_route=\/wp\/v2\/types\/post"}],"author":[{"embeddable":true,"href":"https:\/\/ccnamazonia.com.br\/index.php?rest_route=\/wp\/v2\/users\/4"}],"replies":[{"embeddable":true,"href":"https:\/\/ccnamazonia.com.br\/index.php?rest_route=%2Fwp%2Fv2%2Fcomments&post=1379"}],"version-history":[{"count":1,"href":"https:\/\/ccnamazonia.com.br\/index.php?rest_route=\/wp\/v2\/posts\/1379\/revisions"}],"predecessor-version":[{"id":1381,"href":"https:\/\/ccnamazonia.com.br\/index.php?rest_route=\/wp\/v2\/posts\/1379\/revisions\/1381"}],"wp:featuredmedia":[{"embeddable":true,"href":"https:\/\/ccnamazonia.com.br\/index.php?rest_route=\/wp\/v2\/media\/1380"}],"wp:attachment":[{"href":"https:\/\/ccnamazonia.com.br\/index.php?rest_route=%2Fwp%2Fv2%2Fmedia&parent=1379"}],"wp:term":[{"taxonomy":"category","embeddable":true,"href":"https:\/\/ccnamazonia.com.br\/index.php?rest_route=%2Fwp%2Fv2%2Fcategories&post=1379"},{"taxonomy":"post_tag","embeddable":true,"href":"https:\/\/ccnamazonia.com.br\/index.php?rest_route=%2Fwp%2Fv2%2Ftags&post=1379"}],"curies":[{"name":"wp","href":"https:\/\/api.w.org\/{rel}","templated":true}]}}