{"id":1352,"date":"2025-11-26T01:00:39","date_gmt":"2025-11-26T04:00:39","guid":{"rendered":"https:\/\/ccnamazonia.com.br\/?p=1352"},"modified":"2025-11-26T01:00:39","modified_gmt":"2025-11-26T04:00:39","slug":"marcus-salles-comemora-30-anos-de-carreira-com-album-ao-vivo-repleto-de-participacoes-especiais","status":"publish","type":"post","link":"https:\/\/ccnamazonia.com.br\/?p=1352","title":{"rendered":"Marcus Salles comemora 30 anos de carreira com \u00e1lbum ao vivo repleto de participa\u00e7\u00f5es especiais"},"content":{"rendered":"<p>Comemorando 30 anos de carreira, o cantor, compositor, m\u00fasico e pastor Marcus Salles apresenta o \u00e1lbum \u201cMarcus Salles 30 Anos\u201d, gravado ao vivo na igreja Novos Come\u00e7os da Barra da Tijuca, no Rio de Janeiro. Com mais de 1 milh\u00e3o de seguidores nas redes sociais, ele reuniu um elenco de artistas no projeto que re\u00fane can\u00e7\u00f5es que marcaram sua trajet\u00f3ria.<\/p>\n<p>Com 11 faixas, o \u00e1lbum conta com Midian Lima (\u201cAbra a Sua Boca e Profetiza\u201d), Sarah Beatriz (\u201cRei Meu\u201d), Gabriel Guedes (\u201cVem Senhor Jesus\u201d), Bruna Karla (\u201cEstamos de P\u00e9\u201d), Mattos Nascimento (\u201cCinco P\u00e3es e Dois Peixinhos\u201d), Fernanda Brum e Quatro Por Um (\u201cDiante de Ti\u201d). Marcus Salles ainda faz dueto com a filha Rebeca Salles em \u201cAl\u00e9m do Normal\u201d, e com a irm\u00e3 Qu\u00e9zia Salles na faixa \u201cLe\u00e3o e o Cordeiro\u201d.<\/p>\n<p>&#8211; Eu quis trazer amigos nesse projeto e quero falar mais com essa nova gera\u00e7\u00e3o. Gra\u00e7as a Deus as minhas can\u00e7\u00f5es se comunicam com essa turma nova e foi muito legal cantar com esses amigos. O p\u00fablico pode esperar muita coisa legal e interessante vindo a\u00ed. Os arranjos est\u00e3o muito legais, mas a cereja desse bolo s\u00e3o as participa\u00e7\u00f5es &#8211; afirma Marcus, que foi produzido por Rodrigo Alves Cruz e dirigido no v\u00eddeo pela produtora DMS Filmes.<\/p>\n<p>\u201cMarcus Salles 30 Anos\u201d \u00e9 a terceira parte da comemora\u00e7\u00e3o das tr\u00eas d\u00e9cadas de trajet\u00f3ria de Marcus Salles, que conta ainda com os \u00e1lbuns \u201cAcoustic Sessions\u201d, que foi gravado em Jacksonville, nos Estados Unidos, e \u201cLive Session 30 Anos\u201d, que explora a versatilidade de Salles com vers\u00f5es de can\u00e7\u00f5es internacionais que marcaram sua trajet\u00f3ria. A ficha t\u00e9cnica ainda conta com os m\u00fasicos Emerson Pinheiro, Duda Andrade, Valmir Bessa, Bruno Santos, o guitarrista Leandro Esteves, os tecladistas S\u00e9rgio Assun\u00e7\u00e3o e Robson Ras, o contrabaixista Marcos Natto, os bateristas Felipe Alves e Rafael Rocha, o percussionista Dad\u00e1 Costa, o saxofonista Danilo Sinna e Jorginho do Trompete. O back-vocal contou com Fael Magalh\u00e3es, Adiel Ferr e Cleyde Jane.<\/p>\n<p>Conhecido pelo grande p\u00fablico em 2002, quando integrou a primeira forma\u00e7\u00e3o da banda Quatro Por Um, onde foi a voz principal das can\u00e7\u00f5es \u201cCinco P\u00e3es e Dois Peixinhos\u201d e \u201cUm Chamado\u201d, o artista deu seus primeiros passos na m\u00fasica ainda na inf\u00e2ncia at\u00e9 que, aos 18 anos, se tornou baixista e backing-vocal da banda do veterano Mattos Nascimento.<\/p>\n<p>Em 2019, ele lan\u00e7ou o livro \u201cMenos Palco Mais Altar: Aprendendo a Ouvir o que os C\u00e9us Est\u00e3o Cantando\u201d, pela Editora Vida. O t\u00edtulo \u00e9 inspirado em uma confer\u00eancia de mesmo nome que ele promoveu em sua igreja.<\/p>\n<p>Filho de pastores, ele assumiu, em 2010, o Projeto Vida Nova de Campo Grande, a Tenda do Le\u00e3o, bairro mais populoso do Brasil, localizado na zona oeste do Rio de Janeiro. Casado com Munique, ele \u00e9 pai de Rebeca, Asafe e Matias.<\/p>\n<p><iframe loading=\"lazy\" title=\"Al\u00e9m do Normal - Marcus Salles Feat. Rebeca Salles\" width=\"640\" height=\"360\" src=\"https:\/\/www.youtube.com\/embed\/5ha2Eeeo_dU?feature=oembed\" frameborder=\"0\" allow=\"accelerometer; autoplay; clipboard-write; encrypted-media; gyroscope; picture-in-picture; web-share\" referrerpolicy=\"strict-origin-when-cross-origin\" allowfullscreen><\/iframe><\/p>\n","protected":false},"excerpt":{"rendered":"<p>Comemorando 30 anos de carreira, o cantor, compositor, m\u00fasico e pastor Marcus Salles apresenta o \u00e1lbum \u201cMarcus Salles 30 Anos\u201d,&hellip;<\/p>\n","protected":false},"author":4,"featured_media":1353,"comment_status":"open","ping_status":"open","sticky":false,"template":"","format":"standard","meta":{"footnotes":""},"categories":[336],"tags":[25,70,35,399,116,24,72,401,400,28],"class_list":["post-1352","post","type-post","status-publish","format-standard","has-post-thumbnail","hentry","category-musica","tag-bruna-karla","tag-gabriel-guedes","tag-marcus-salles","tag-marcus-salles-30-anos","tag-mattos-nascimento","tag-midian-lima","tag-onimusic","tag-quezia-salles","tag-rebeca-salles","tag-sarah-beatriz"],"aioseo_notices":[],"jetpack_featured_media_url":"https:\/\/ccnamazonia.com.br\/wp-content\/uploads\/2025\/11\/Marcus-Salles-1.jpg","_links":{"self":[{"href":"https:\/\/ccnamazonia.com.br\/index.php?rest_route=\/wp\/v2\/posts\/1352","targetHints":{"allow":["GET"]}}],"collection":[{"href":"https:\/\/ccnamazonia.com.br\/index.php?rest_route=\/wp\/v2\/posts"}],"about":[{"href":"https:\/\/ccnamazonia.com.br\/index.php?rest_route=\/wp\/v2\/types\/post"}],"author":[{"embeddable":true,"href":"https:\/\/ccnamazonia.com.br\/index.php?rest_route=\/wp\/v2\/users\/4"}],"replies":[{"embeddable":true,"href":"https:\/\/ccnamazonia.com.br\/index.php?rest_route=%2Fwp%2Fv2%2Fcomments&post=1352"}],"version-history":[{"count":1,"href":"https:\/\/ccnamazonia.com.br\/index.php?rest_route=\/wp\/v2\/posts\/1352\/revisions"}],"predecessor-version":[{"id":1354,"href":"https:\/\/ccnamazonia.com.br\/index.php?rest_route=\/wp\/v2\/posts\/1352\/revisions\/1354"}],"wp:featuredmedia":[{"embeddable":true,"href":"https:\/\/ccnamazonia.com.br\/index.php?rest_route=\/wp\/v2\/media\/1353"}],"wp:attachment":[{"href":"https:\/\/ccnamazonia.com.br\/index.php?rest_route=%2Fwp%2Fv2%2Fmedia&parent=1352"}],"wp:term":[{"taxonomy":"category","embeddable":true,"href":"https:\/\/ccnamazonia.com.br\/index.php?rest_route=%2Fwp%2Fv2%2Fcategories&post=1352"},{"taxonomy":"post_tag","embeddable":true,"href":"https:\/\/ccnamazonia.com.br\/index.php?rest_route=%2Fwp%2Fv2%2Ftags&post=1352"}],"curies":[{"name":"wp","href":"https:\/\/api.w.org\/{rel}","templated":true}]}}