{"id":1332,"date":"2025-11-25T17:12:10","date_gmt":"2025-11-25T20:12:10","guid":{"rendered":"https:\/\/ccnamazonia.com.br\/?p=1332"},"modified":"2025-11-25T17:12:10","modified_gmt":"2025-11-25T20:12:10","slug":"diacono-alberto-araujo-apresenta-ha-poder-e-reforca-sua-missao-musical-no-cenario-cristao","status":"publish","type":"post","link":"https:\/\/ccnamazonia.com.br\/?p=1332","title":{"rendered":"Di\u00e1cono Alberto Ara\u00fajo apresenta \u201cH\u00e1 Poder\u201d e refor\u00e7a sua miss\u00e3o musical no cen\u00e1rio crist\u00e3o"},"content":{"rendered":"<p>O cantor, compositor e ministro cat\u00f3lico Di\u00e1cono Alberto Ara\u00fajo apresenta ao p\u00fablico sua nova can\u00e7\u00e3o \u201cH\u00e1 Poder\u201d, fechando com excel\u00eancia o ciclo de lan\u00e7amentos de 2025.<\/p>\n<p>A faixa, que tamb\u00e9m ganha clipe oficial, reafirma a identidade espiritual, art\u00edstica e mission\u00e1ria do artista, que h\u00e1 anos se destaca no cen\u00e1rio da m\u00fasica crist\u00e3 brasileira.<\/p>\n<p>Crescendo na m\u00fasica cat\u00f3lica, Alberto Ara\u00fajo acumula conquistas importantes, como o Festival Adora\u00e7\u00e3o e Vida (2008) e o Catholic Music Awards 2025.<\/p>\n<p>Ordenado Di\u00e1cono Permanente em 2016, ele se firmou como um dos nomes da m\u00fasica de f\u00e9 no pa\u00eds, tanto como int\u00e9rprete quanto como compositor, tendo suas obras gravadas por diversos artistas cat\u00f3licos e gospel.<\/p>\n<p>O videoclipe de \u201cH\u00e1 Poder\u201d foi produzido por Emerson Oliveira (Trendfilms) e gravado no Est\u00fadio S\u00e9rgio Menezes (RJ), encerrando uma trilogia audiovisual iniciada em 2025 com a releitura de \u201cOceanos\u201d, seguida do single autoral \u201cMeu Amado\u201d, e agora conclu\u00edda com a igualmente autoral \u201cH\u00e1 Poder\u201d.<\/p>\n<p>A can\u00e7\u00e3o tem inspira\u00e7\u00e3o direta em Atos 2, cap\u00edtulo que narra a descida do Esp\u00edrito Santo no Pentecostes. Nela, Alberto expressa o anseio por um novo derramamento do Esp\u00edrito, convidando a Igreja a clamar por avivamento e renova\u00e7\u00e3o de f\u00e9.<\/p>\n<p>O artista explica que a m\u00fasica nasceu de uma profunda necessidade espiritual: \u201cClamamos pelo Esp\u00edrito Santo que nos impulsiona ao discipulado aut\u00eantico, renovando nossas for\u00e7as e nos mantendo fi\u00e9is \u00e0 miss\u00e3o de Cristo.\u201d<\/p>\n<p>Com forte identidade b\u00edblica, \u201cH\u00e1 Poder\u201d representa tamb\u00e9m a perseveran\u00e7a do Di\u00e1cono em meio aos desafios e adversidades vividos por aqueles que se dedicam \u00e0 miss\u00e3o.<\/p>\n<p>A experi\u00eancia espiritual e humana o motivou a mergulhar ainda mais na m\u00fasica, resultando em um projeto em que ele pr\u00f3prio assina o arranjo e a produ\u00e7\u00e3o musical, acompanhado de m\u00fasicos experientes que asseguram o alto n\u00edvel de suas obras.<\/p>\n<p>Mais uma vez conduz o p\u00fablico \u00e0 intimidade com Deus, por meio de letras inspiradas, atmosfera contemplativa e um forte senso de prop\u00f3sito ministerial.<\/p>\n<p>Alberto conclui expressando o desejo que motivou o nascimento da can\u00e7\u00e3o: \u201cQue tudo o que oferecemos a Deus seja guiado pelo Esp\u00edrito Santo. Assim como Ele veio com poder em Pentecostes, continua vindo hoje para gerar prop\u00f3sito, fortalecer nossa f\u00e9 e nos capacitar na miss\u00e3o de anunciar Cristo ao mundo.\u201d<\/p>\n<p>Ou\u00e7a nas plataformas digitais<br \/>\nhttps:\/\/onerpm.link\/204217561004<\/p>\n<p>Assista ao clipe<br \/>\n<iframe loading=\"lazy\" title=\"Di\u00e1cono Alberto Ara\u00fajo - H\u00e1 Poder (Clipe Oficial)\" width=\"640\" height=\"360\" src=\"https:\/\/www.youtube.com\/embed\/Xh0v8mLVvEs?feature=oembed\" frameborder=\"0\" allow=\"accelerometer; autoplay; clipboard-write; encrypted-media; gyroscope; picture-in-picture; web-share\" referrerpolicy=\"strict-origin-when-cross-origin\" allowfullscreen><\/iframe><\/p>\n<p>Siga o Di\u00e1cono Alberto Ara\u00fajo<br \/>\nhttps:\/\/www.instagram.com\/diaconoalbertoaraujo\/<\/p>\n<p>Comunica\u00e7\u00e3o e Imprensa: Ag\u00eancia Infinit<br \/>\nhttps:\/\/www.instagram.com\/agenciainfinitt<\/p>\n<p>&nbsp;<\/p>\n","protected":false},"excerpt":{"rendered":"<p>O cantor, compositor e ministro cat\u00f3lico Di\u00e1cono Alberto Ara\u00fajo apresenta ao p\u00fablico sua nova can\u00e7\u00e3o \u201cH\u00e1 Poder\u201d, fechando com excel\u00eancia&hellip;<\/p>\n","protected":false},"author":3,"featured_media":1333,"comment_status":"open","ping_status":"open","sticky":false,"template":"","format":"standard","meta":{"footnotes":""},"categories":[1],"tags":[],"class_list":["post-1332","post","type-post","status-publish","format-standard","has-post-thumbnail","hentry","category-blog"],"aioseo_notices":[],"jetpack_featured_media_url":"https:\/\/ccnamazonia.com.br\/wp-content\/uploads\/2025\/11\/WhatsApp-Image-2025-11-24-at-13.09.53.jpeg","_links":{"self":[{"href":"https:\/\/ccnamazonia.com.br\/index.php?rest_route=\/wp\/v2\/posts\/1332","targetHints":{"allow":["GET"]}}],"collection":[{"href":"https:\/\/ccnamazonia.com.br\/index.php?rest_route=\/wp\/v2\/posts"}],"about":[{"href":"https:\/\/ccnamazonia.com.br\/index.php?rest_route=\/wp\/v2\/types\/post"}],"author":[{"embeddable":true,"href":"https:\/\/ccnamazonia.com.br\/index.php?rest_route=\/wp\/v2\/users\/3"}],"replies":[{"embeddable":true,"href":"https:\/\/ccnamazonia.com.br\/index.php?rest_route=%2Fwp%2Fv2%2Fcomments&post=1332"}],"version-history":[{"count":1,"href":"https:\/\/ccnamazonia.com.br\/index.php?rest_route=\/wp\/v2\/posts\/1332\/revisions"}],"predecessor-version":[{"id":1334,"href":"https:\/\/ccnamazonia.com.br\/index.php?rest_route=\/wp\/v2\/posts\/1332\/revisions\/1334"}],"wp:featuredmedia":[{"embeddable":true,"href":"https:\/\/ccnamazonia.com.br\/index.php?rest_route=\/wp\/v2\/media\/1333"}],"wp:attachment":[{"href":"https:\/\/ccnamazonia.com.br\/index.php?rest_route=%2Fwp%2Fv2%2Fmedia&parent=1332"}],"wp:term":[{"taxonomy":"category","embeddable":true,"href":"https:\/\/ccnamazonia.com.br\/index.php?rest_route=%2Fwp%2Fv2%2Fcategories&post=1332"},{"taxonomy":"post_tag","embeddable":true,"href":"https:\/\/ccnamazonia.com.br\/index.php?rest_route=%2Fwp%2Fv2%2Ftags&post=1332"}],"curies":[{"name":"wp","href":"https:\/\/api.w.org\/{rel}","templated":true}]}}