{"id":1298,"date":"2025-11-19T22:03:32","date_gmt":"2025-11-20T01:03:32","guid":{"rendered":"https:\/\/ccnamazonia.com.br\/?p=1298"},"modified":"2025-11-19T22:03:32","modified_gmt":"2025-11-20T01:03:32","slug":"louvorzao-93-anuncia-cassiane-como-mais-uma-participacao-e-divulga-esquema-especial-de-transito-para-o-evento","status":"publish","type":"post","link":"https:\/\/ccnamazonia.com.br\/?p=1298","title":{"rendered":"Louvorz\u00e3o 93 anuncia Cassiane como mais uma participa\u00e7\u00e3o e divulga esquema especial de tr\u00e2nsito para o evento"},"content":{"rendered":"<p>Com mais de 40 anos de carreira e grande nome da m\u00fasica pentecostal, a cantora Cassiane foi confirmada como mais uma atra\u00e7\u00e3o do Louvorz\u00e3o 93, somando 19 artistas que subir\u00e3o ao palco da Quinta da Boa Vista no feriado de 20 de novembro (quinta-feira), a partir das 14h, com entrada gratuita.<\/p>\n<p>Int\u00e9rprete de grandes sucessos como \u201cHino da Vit\u00f3ria\u201d, \u201cCom Muito Louvor\u201d, \u201cRecompensa\u201d, \u201c500 Graus\u201d e \u201cImagine\u201d, Cassiane revela que sua expectativa est\u00e1 a mil. Sua \u00faltima participa\u00e7\u00e3o no Louvorz\u00e3o foi em 2022.<\/p>\n<p>&#8211; Retornar \u00e0 Quinta da Boa Vista \u00e9 um marco na minha vida porque vivi muitas experi\u00eancias magn\u00edficas naquele lugar, que foi palco de v\u00e1rios momentos marcantes da minha vida. Desejo ser usada por Deus de forma sobrenatural sobre a vida das pessoas e j\u00e1 estou orando para ser uma voz prof\u00e9tica para todos que v\u00e3o estar no Louvorz\u00e3o 93 &#8211; declarou a cantora.<\/p>\n<p>O line-up do festival \u00e9 um dos mais diversificados e ecl\u00e9ticos. Entre as atra\u00e7\u00f5es mais esperadas, est\u00e1 Sarah Farias, que est\u00e1 h\u00e1 um ano com o clipe \u201cSe Eu N\u00e3o Te Ouvir\u201d, entre os mais vistos no YouTube, com mais de 70 milh\u00f5es de visualiza\u00e7\u00f5es.<\/p>\n<p>O p\u00fablico ainda pode aguardar shows de Fernanda Brum, Anderson Freire, Samuel Messias, Julliany Souza, Eyshila, Elaine Martins, Lukas Agustinho, Fabiana Sinfr\u00f4nio, Sued Silva, Paulo Neto, Vitor Santana, Kaylane Frauches, Fhop Music, DJ Marcelo Ara\u00fajo, Victin, L\u00e9a Mendon\u00e7a e Wilian Nascimento.<\/p>\n<p><strong>ESQUEMA ESPECIAL DE TR\u00c2NSITO E TRANSPORTE P\u00daBLICO<\/strong><br \/>\nA CET-Rio orienta a utilizar o transporte p\u00fablico, pois n\u00e3o haver\u00e1 implanta\u00e7\u00e3o externa de estacionamento. Al\u00e9m disso, operadores de tr\u00e1fego ir\u00e3o atuar durante o Louvorz\u00e3o 93, a partir das 14h, com agentes trabalhando para manter a fluidez e ordenar os cruzamentos, al\u00e9m de orientar pedestres e motoristas.<\/p>\n<p>T\u00e9cnicos da CET-Rio, que atuam no Centro de Opera\u00e7\u00f5es e Resili\u00eancia (COR), v\u00e3o monitorar o evento tamb\u00e9m por meio de c\u00e2meras e, caso seja necess\u00e1rio, ajustes semaf\u00f3ricos ser\u00e3o implantados.<\/p>\n<p>O p\u00fablico que utilizar os trens da Supervia deve descer na esta\u00e7\u00e3o de S\u00e3o Crist\u00f3v\u00e3o. Como forma de melhor atender as pessoas, a empresa de transporte ferrovi\u00e1rio montou um esquema especial refor\u00e7ando a opera\u00e7\u00e3o com composi\u00e7\u00f5es extras partindo de Japeri e Santa Cruz, que ficar\u00e3o com intervalo m\u00e9dio de 20 minutos entre 14h e 17h; e de Saracuruna, em que o intervalo m\u00e9dio ser\u00e1 reduzido para 25 minutos entre 14h20 e 16h.<\/p>\n<p>Ap\u00f3s o fim do evento, haver\u00e1 viagens extras para Japeri, Santa Cruz e Saracuruna, partindo da esta\u00e7\u00e3o S\u00e3o Crist\u00f3v\u00e3o. Confira o esquema:<\/p>\n<p><strong>Plataforma 2 &#8211; Linha C:<\/strong><br \/>\nSanta Cruz: 21h05; 21h45; 22h09; 22h33 e 23h00.<br \/>\nJaperi: 21h25; 21h57; 22h21; 22h45 e 23h10.<\/p>\n<p><strong>Plataforma 3 &#8211; Linha E:<\/strong><br \/>\nSaracuruna: 21h10; 21h50; 22h20 e 23h00.<\/p>\n<p>A esta\u00e7\u00e3o de S\u00e3o Crist\u00f3v\u00e3o vai funcionar para embarque at\u00e9 as 22h45. As demais esta\u00e7\u00f5es funcionar\u00e3o apenas para desembarque.<\/p>\n<p>Quem decidir pelo metr\u00f4, a Metr\u00f4Rio orienta que os clientes carreguem seus cart\u00f5es com anteced\u00eancia ou utilizem o pagamento por aproxima\u00e7\u00e3o diretamente nos validadores das catracas. Na quinta-feira (20), a concession\u00e1ria ter\u00e1 uma opera\u00e7\u00e3o especial das 7h \u00e0s 23h, como de praxe aos feriados. O Posto de Gratuidade, na esta\u00e7\u00e3o Central do Brasil\/Centro, n\u00e3o ter\u00e1 expediente.<\/p>\n<p>Na quinta-feira, a Linha 2 vai operar entre Pavuna e Botafogo, e as linhas 1 e 4 seguir\u00e3o o trajeto Uruguai-Jardim Oce\u00e2nico\/Barra da Tijuca. A transfer\u00eancia entre as linhas 1 e 2 poder\u00e1 ser feita no trecho entre as esta\u00e7\u00f5es Central do Brasil\/Centro e Botafogo.<\/p>\n<p><strong>PALCO COM MEGA ESTRUTURA E EFEITOS ESPECIAIS<\/strong><br \/>\nDe acordo com Andrea Maier, diretora da r\u00e1dio 93 FM, que promove o show h\u00e1 mais de 30 anos, a expectativa para esta nova edi\u00e7\u00e3o est\u00e1 l\u00e1 em cima. Com uma hist\u00f3ria de grandes eventos iniciada na d\u00e9cada de 90, a Quinta da Boa Vista foi o primeiro palco da s\u00e9rie de shows promovida pela emissora.<\/p>\n<p>&#8211; Carregamos uma grande responsabilidade vinda do c\u00e9u que \u00e9 entregar aquilo que Deus quer comunicar para quem estiver no Louvorz\u00e3o. Sabemos que muitos milagres acontecem, que pessoas se conhecem e ali nascem novas fam\u00edlias, que palavras prof\u00e9ticas s\u00e3o liberadas e muitas hist\u00f3rias s\u00e3o reescritas ap\u00f3s cada Louvorz\u00e3o. E retornar \u00e0 Quinta da Boa Vista \u00e9 a realiza\u00e7\u00e3o de um sonho, pois foi naquele local que teve in\u00edcio o palco da nossa hist\u00f3ria &#8211; relata a CEO, que, h\u00e1 mais de 20 anos, est\u00e1 \u00e0 frente de uma das r\u00e1dios FMs mais ouvidas do Rio de Janeiro.<\/p>\n<p>Al\u00e9m de uma mega estrutura de palco montada com muito led e efeitos especiais, a organiza\u00e7\u00e3o do Louvorz\u00e3o 93 garante muitos feats in\u00e9ditos e, segundo Andrea Maier, \u201cum repert\u00f3rio para cantar do G\u00eanesis ao Apocalipse\u201d.<\/p>\n<p>Com patroc\u00ednio da Prefeitura do Rio de Janeiro, do Governo do Estado e da Secretaria de Turismo do Rio de Janeiro, o evento conta ainda com as parcerias da Facility, Tr\u00eas Cora\u00e7\u00f5es, Adonai Supermercados e 4X Solu\u00e7\u00f5es.<\/p>\n<p><strong>SERVI\u00c7O: Louvorz\u00e3o 93<\/strong><br \/>\nData: Feriado, 20 de novembro de 2025<br \/>\nHor\u00e1rio: 14h<br \/>\nLocal: Quinta da Boa Vista &#8211; S\u00e3o Crist\u00f3v\u00e3o &#8211; Rio de Janeiro<br \/>\nEntrada: Gratuita<br \/>\nClassifica\u00e7\u00e3o et\u00e1ria: Livre<br \/>\nAtra\u00e7\u00f5es confirmadas: Sarah Farias, Fernanda Brum, Anderson Freire, Samuel Messias, Julliany Souza, Eyshila, Elaine Martins, Lukas Agustinho, Fabiana Sinfr\u00f4nio, Sued Silva, Paulo Neto, Vitor Santana, Kaylane Frauches, Fhop Music, DJ Marcelo Ara\u00fajo, Victin, L\u00e9a Mendon\u00e7a, Wilian Nascimento e Cassiane.<\/p>\n","protected":false},"excerpt":{"rendered":"<p>Com mais de 40 anos de carreira e grande nome da m\u00fasica pentecostal, a cantora Cassiane foi confirmada como mais&hellip;<\/p>\n","protected":false},"author":4,"featured_media":1299,"comment_status":"open","ping_status":"open","sticky":false,"template":"","format":"standard","meta":{"footnotes":""},"categories":[336],"tags":[233,378,27,284,325,327,238,256,246,330,331,332,326,328,333,379,29,30,32,31,329,286],"class_list":["post-1298","post","type-post","status-publish","format-standard","has-post-thumbnail","hentry","category-musica","tag-anderson-freire","tag-cassiane","tag-dj-marcelo-araujo","tag-elaine-martins","tag-eyshila","tag-fabiana-sinfronio","tag-fernanda-brum","tag-fhop-music","tag-julliany-souza","tag-kaylane-frauches","tag-lea-mendonca","tag-louvorzao-93","tag-lukas-agustinho","tag-paulo-neto","tag-quinta-da-boa-vista","tag-radio-93-fm","tag-samuel-messias","tag-sarah-farias","tag-sued-silva","tag-victin","tag-vitor-santana","tag-wilian-nascimento"],"aioseo_notices":[],"jetpack_featured_media_url":"https:\/\/ccnamazonia.com.br\/wp-content\/uploads\/2025\/11\/LOUVORZAO.jpg","_links":{"self":[{"href":"https:\/\/ccnamazonia.com.br\/index.php?rest_route=\/wp\/v2\/posts\/1298","targetHints":{"allow":["GET"]}}],"collection":[{"href":"https:\/\/ccnamazonia.com.br\/index.php?rest_route=\/wp\/v2\/posts"}],"about":[{"href":"https:\/\/ccnamazonia.com.br\/index.php?rest_route=\/wp\/v2\/types\/post"}],"author":[{"embeddable":true,"href":"https:\/\/ccnamazonia.com.br\/index.php?rest_route=\/wp\/v2\/users\/4"}],"replies":[{"embeddable":true,"href":"https:\/\/ccnamazonia.com.br\/index.php?rest_route=%2Fwp%2Fv2%2Fcomments&post=1298"}],"version-history":[{"count":1,"href":"https:\/\/ccnamazonia.com.br\/index.php?rest_route=\/wp\/v2\/posts\/1298\/revisions"}],"predecessor-version":[{"id":1300,"href":"https:\/\/ccnamazonia.com.br\/index.php?rest_route=\/wp\/v2\/posts\/1298\/revisions\/1300"}],"wp:featuredmedia":[{"embeddable":true,"href":"https:\/\/ccnamazonia.com.br\/index.php?rest_route=\/wp\/v2\/media\/1299"}],"wp:attachment":[{"href":"https:\/\/ccnamazonia.com.br\/index.php?rest_route=%2Fwp%2Fv2%2Fmedia&parent=1298"}],"wp:term":[{"taxonomy":"category","embeddable":true,"href":"https:\/\/ccnamazonia.com.br\/index.php?rest_route=%2Fwp%2Fv2%2Fcategories&post=1298"},{"taxonomy":"post_tag","embeddable":true,"href":"https:\/\/ccnamazonia.com.br\/index.php?rest_route=%2Fwp%2Fv2%2Ftags&post=1298"}],"curies":[{"name":"wp","href":"https:\/\/api.w.org\/{rel}","templated":true}]}}