{"id":1289,"date":"2025-11-12T23:17:51","date_gmt":"2025-11-13T02:17:51","guid":{"rendered":"https:\/\/ccnamazonia.com.br\/?p=1289"},"modified":"2025-11-17T23:27:05","modified_gmt":"2025-11-18T02:27:05","slug":"dj-abencoadao-e-cleytinho-de-souza-lancam-remix-de-hoje-vai-ter-culto-dos-jovens-e-agitam-a-cena-gospel","status":"publish","type":"post","link":"https:\/\/ccnamazonia.com.br\/?p=1289","title":{"rendered":"DJ Aben\u00e7oad\u00e3o e Cleytinho de Souza lan\u00e7am remix de \u201cHoje Vai Ter Culto dos Jovens\u201d e agitam a cena gospel"},"content":{"rendered":"<p>A cena do gospel urbano acaba de ganhar um refor\u00e7o explosivo: \u201cHoje Vai Ter Culto dos Jovens &#8211; Remix\u201d, colabora\u00e7\u00e3o in\u00e9dita entre o fen\u00f4meno DJ Aben\u00e7oad\u00e3o e o funkeiro gospel Cleytinho de Souza, lan\u00e7ada pela TRDD Records.<\/p>\n<p>O hit, que j\u00e1 passou de 100 mil plays em sua vers\u00e3o original, agora retorna com nova energia, ainda mais dan\u00e7ante, envolvente e irreverente.<\/p>\n<p>DJ Aben\u00e7oad\u00e3o tem se tornado um dos nomes bem comentados do cen\u00e1rio gospel urbano, com um projeto que nasceu para n\u00e3o exaltar rostos, mas sim a Gl\u00f3ria de Deus.<\/p>\n<p>Sua identidade \u00e9 projetada por meio da m\u00e1scara, que refor\u00e7a o prop\u00f3sito: alcan\u00e7ar jovens e crian\u00e7as, mostrando Jesus de forma leve, alegre e criativa.<\/p>\n<p>Seu trabalho tem impactado eventos em v\u00e1rios lugares desde casamentos a acampamentos, confer\u00eancias, festas de 15 anos e at\u00e9 programa\u00e7\u00f5es promovidas por prefeituras.<\/p>\n<p>O DJ ganhou notoriedade por seu formato, reunindo m\u00fasica, prop\u00f3sito e adora\u00e7\u00e3o em uma experi\u00eancia contagiante.<\/p>\n<p>Ao lado dele, est\u00e1 Cleytinho de Souza, um dos nomes do funk gospel atual. Nascido em S\u00e3o Gon\u00e7alo (RJ), o cantor de 22 anos vem alcan\u00e7ando uma gera\u00e7\u00e3o com sua linguagem direta, seu carisma e seu famoso bord\u00e3o: \u201cVem pra igreja, DESVIADO!\u201d.<\/p>\n<p>Membro da Igreja Batista do Amor, ele fez sua estreia em 2023 com o single original \u201cHoje Vai Ter Culto dos Jovens\u201d, que viralizou nas redes e se espalhou pelo TikTok, Instagram e Kwai, colocando todo mundo pra dan\u00e7ar ao som do evangelho.<\/p>\n<p>Agora, a m\u00fasica ganha uma nova roupagem com batidas mais fortes, arranjos mais dan\u00e7antes e uma pegada eletr\u00f4nica, sem perder sua ess\u00eancia evangel\u00edstica, um convite divertido e cheio de f\u00e9 para levar jovens e crian\u00e7as n\u00e3o apenas para a igreja, mas para mais perto de Cristo.<\/p>\n<p>Esse remix celebra a alegria do culto, o poder da juventude crist\u00e3 e a certeza de que adorar a Deus pode (e deve) ser uma festa santa. A mensagem \u00e9 clara:<br \/>\nSe tem culto dos jovens, tem louvor, tem dan\u00e7a, tem sorriso e tem Jesus no centro de tudo.<\/p>\n<p>Ou\u00e7a nas plataformas digitais<br \/>\nhttps:\/\/onerpm.link\/HojeVaiTerCultodosJovens<\/p>\n<p>Assista ao clipe:<br \/>\n<iframe loading=\"lazy\" title=\"DJ Aben\u00e7oad\u00e3o &amp; Cleytinho de Souza| Hoje Vai Ter Culto Dos Jovens (Remix)| TRDD Records | (IA Clipe)\" width=\"640\" height=\"360\" src=\"https:\/\/www.youtube.com\/embed\/ujd8R4_B6Tg?feature=oembed\" frameborder=\"0\" allow=\"accelerometer; autoplay; clipboard-write; encrypted-media; gyroscope; picture-in-picture; web-share\" referrerpolicy=\"strict-origin-when-cross-origin\" allowfullscreen><\/iframe><\/p>\n<p>Siga os Artistas:<br \/>\nhttps:\/\/www.instagram.com\/djabencoadao\/<br \/>\nhttps:\/\/www.instagram.com\/coe_cleytinho\/<\/p>\n<p>Siga TRDD Records<br \/>\nhttps:\/\/www.instagram.com\/trddrecordsoficial\/<br \/>\nhttps:\/\/www.youtube.com\/@TRDDRecords\/<\/p>\n<p>Comunica\u00e7\u00e3o e Imprensa: Ag\u00eancia Infinit<br \/>\nhttps:\/\/www.instagram.com\/agenciainfinit\/<br \/>\nhttps:\/\/agenciainfinit.com\/<\/p>\n<p>&nbsp;<\/p>\n<p>&nbsp;<\/p>\n<p>&nbsp;<\/p>\n","protected":false},"excerpt":{"rendered":"<p>A cena do gospel urbano acaba de ganhar um refor\u00e7o explosivo: \u201cHoje Vai Ter Culto dos Jovens &#8211; Remix\u201d, colabora\u00e7\u00e3o&hellip;<\/p>\n","protected":false},"author":3,"featured_media":1290,"comment_status":"open","ping_status":"open","sticky":false,"template":"","format":"standard","meta":{"footnotes":""},"categories":[1],"tags":[],"class_list":["post-1289","post","type-post","status-publish","format-standard","has-post-thumbnail","hentry","category-blog"],"aioseo_notices":[],"jetpack_featured_media_url":"https:\/\/ccnamazonia.com.br\/wp-content\/uploads\/2025\/11\/WhatsApp-Image-2025-11-17-at-13.07.46.jpeg","_links":{"self":[{"href":"https:\/\/ccnamazonia.com.br\/index.php?rest_route=\/wp\/v2\/posts\/1289","targetHints":{"allow":["GET"]}}],"collection":[{"href":"https:\/\/ccnamazonia.com.br\/index.php?rest_route=\/wp\/v2\/posts"}],"about":[{"href":"https:\/\/ccnamazonia.com.br\/index.php?rest_route=\/wp\/v2\/types\/post"}],"author":[{"embeddable":true,"href":"https:\/\/ccnamazonia.com.br\/index.php?rest_route=\/wp\/v2\/users\/3"}],"replies":[{"embeddable":true,"href":"https:\/\/ccnamazonia.com.br\/index.php?rest_route=%2Fwp%2Fv2%2Fcomments&post=1289"}],"version-history":[{"count":1,"href":"https:\/\/ccnamazonia.com.br\/index.php?rest_route=\/wp\/v2\/posts\/1289\/revisions"}],"predecessor-version":[{"id":1291,"href":"https:\/\/ccnamazonia.com.br\/index.php?rest_route=\/wp\/v2\/posts\/1289\/revisions\/1291"}],"wp:featuredmedia":[{"embeddable":true,"href":"https:\/\/ccnamazonia.com.br\/index.php?rest_route=\/wp\/v2\/media\/1290"}],"wp:attachment":[{"href":"https:\/\/ccnamazonia.com.br\/index.php?rest_route=%2Fwp%2Fv2%2Fmedia&parent=1289"}],"wp:term":[{"taxonomy":"category","embeddable":true,"href":"https:\/\/ccnamazonia.com.br\/index.php?rest_route=%2Fwp%2Fv2%2Fcategories&post=1289"},{"taxonomy":"post_tag","embeddable":true,"href":"https:\/\/ccnamazonia.com.br\/index.php?rest_route=%2Fwp%2Fv2%2Ftags&post=1289"}],"curies":[{"name":"wp","href":"https:\/\/api.w.org\/{rel}","templated":true}]}}