{"id":1273,"date":"2025-11-14T22:10:50","date_gmt":"2025-11-15T01:10:50","guid":{"rendered":"https:\/\/ccnamazonia.com.br\/?p=1273"},"modified":"2025-11-14T22:10:50","modified_gmt":"2025-11-15T01:10:50","slug":"festa-da-africa-celebra-20-anos-de-historia-resistencia-e-cultura-negra","status":"publish","type":"post","link":"https:\/\/ccnamazonia.com.br\/?p=1273","title":{"rendered":"Festa da \u00c1frica celebra 20 anos de hist\u00f3ria, resist\u00eancia e cultura negra"},"content":{"rendered":"<p>No m\u00eas em que se celebra a cultura negra, a Igreja A Voz de Deus promove a 20\u00aa edi\u00e7\u00e3o da Festa da \u00c1frica neste s\u00e1bado (15), das 18h \u00e0s 21h. Idealizado pelo pastor Ayo Balogun, o evento gratuito refor\u00e7a seu compromisso com a promo\u00e7\u00e3o da hist\u00f3ria, da arte e da identidade afrodescendente, consolidando-se como um marco na agenda cultural do estado.<\/p>\n<p>A edi\u00e7\u00e3o deste ano \u00e9 dedicada a sete figuras hist\u00f3ricas negras que moldaram a hist\u00f3ria mundial: Dandara dos Palmares, s\u00edmbolo de luta contra a escravid\u00e3o; Nzinga de Ndongo, rainha guerreira africana; Machado de Assis, g\u00eanio da literatura brasileira que quebrou estere\u00f3tipos; Luiz Gama, abolicionista e jurista incans\u00e1vel; Al-Khuwarizmi, cientista e matem\u00e1tico \u00e1rabe de grande influ\u00eancia; Andr\u00e9 Rebou\u00e7as, engenheiro abolicionista; e Nilo Pe\u00e7anha, o primeiro presidente negro do Brasil.<\/p>\n<p>A Festa da \u00c1frica 2025 tamb\u00e9m traz um olhar especial para a Eti\u00f3pia, que \u00e9 o \u00fanico pa\u00eds africano que nunca foi colonizado, e sua ic\u00f4nica Batalha de Adwa (1896), que simboliza a vitoriosa resist\u00eancia africana.<\/p>\n<p>A expectativa para este ano \u00e9 de 400 pessoas durante as tr\u00eas horas de programa\u00e7\u00e3o, que inclui desfiles tem\u00e1ticos de tran\u00e7as africanas, manicure, maquiagem, mega hair e dreads e apresenta\u00e7\u00f5es musicais com o DJ Marcelo Ara\u00fajo, que tamb\u00e9m \u00e9 o mestre de cerim\u00f4nia ao lado de Flavia Figueiredo, e os grupos MCL, Intensus e Banky e Cia. Tamb\u00e9m est\u00e1 confirmada a presen\u00e7a de autoridades e personalidades importantes, como a coordenadora de Igualdade Racial do Estado do Rio de Janeiro, Leny Ferreira, e a vereadora T\u00e2nia Bastos, que ser\u00e3o juradas nos desfiles.<\/p>\n<p><strong>SERVI\u00c7O: Festa da \u00c1frica 2025 &#8211; Edi\u00e7\u00e3o 20 Anos<\/strong><br \/>\nLocal: Igreja A Voz de Deus<br \/>\nEndere\u00e7o: Estrada dos Tr\u00eas Rios, 1910 &#8211; Jacarepagu\u00e1 &#8211; Rio de Janeiro &#8211; RJ &#8211; CEP: 22745-005<br \/>\nData: 15 de novembro (s\u00e1bado)<br \/>\nHor\u00e1rio: 18h \u00e0s 21h<br \/>\nClassifica\u00e7\u00e3o: Livre<br \/>\nEntrada: Gratuita<br \/>\nAcessibilidade: Dispon\u00edvel<br \/>\nEstacionamento: Dispon\u00edvel<br \/>\nMais informa\u00e7\u00f5es: Prof. Dr. Ayo Balogun &#8211; (21) 96409-5336 | ayoneyde@yahoo.com.br<\/p>\n","protected":false},"excerpt":{"rendered":"<p>No m\u00eas em que se celebra a cultura negra, a Igreja A Voz de Deus promove a 20\u00aa edi\u00e7\u00e3o da&hellip;<\/p>\n","protected":false},"author":4,"featured_media":1274,"comment_status":"open","ping_status":"open","sticky":false,"template":"","format":"standard","meta":{"footnotes":""},"categories":[336],"tags":[],"class_list":["post-1273","post","type-post","status-publish","format-standard","has-post-thumbnail","hentry","category-musica"],"aioseo_notices":[],"jetpack_featured_media_url":"https:\/\/ccnamazonia.com.br\/wp-content\/uploads\/2025\/11\/Foto-Geral-6-Festa-da-Africa.jpg","_links":{"self":[{"href":"https:\/\/ccnamazonia.com.br\/index.php?rest_route=\/wp\/v2\/posts\/1273","targetHints":{"allow":["GET"]}}],"collection":[{"href":"https:\/\/ccnamazonia.com.br\/index.php?rest_route=\/wp\/v2\/posts"}],"about":[{"href":"https:\/\/ccnamazonia.com.br\/index.php?rest_route=\/wp\/v2\/types\/post"}],"author":[{"embeddable":true,"href":"https:\/\/ccnamazonia.com.br\/index.php?rest_route=\/wp\/v2\/users\/4"}],"replies":[{"embeddable":true,"href":"https:\/\/ccnamazonia.com.br\/index.php?rest_route=%2Fwp%2Fv2%2Fcomments&post=1273"}],"version-history":[{"count":1,"href":"https:\/\/ccnamazonia.com.br\/index.php?rest_route=\/wp\/v2\/posts\/1273\/revisions"}],"predecessor-version":[{"id":1275,"href":"https:\/\/ccnamazonia.com.br\/index.php?rest_route=\/wp\/v2\/posts\/1273\/revisions\/1275"}],"wp:featuredmedia":[{"embeddable":true,"href":"https:\/\/ccnamazonia.com.br\/index.php?rest_route=\/wp\/v2\/media\/1274"}],"wp:attachment":[{"href":"https:\/\/ccnamazonia.com.br\/index.php?rest_route=%2Fwp%2Fv2%2Fmedia&parent=1273"}],"wp:term":[{"taxonomy":"category","embeddable":true,"href":"https:\/\/ccnamazonia.com.br\/index.php?rest_route=%2Fwp%2Fv2%2Fcategories&post=1273"},{"taxonomy":"post_tag","embeddable":true,"href":"https:\/\/ccnamazonia.com.br\/index.php?rest_route=%2Fwp%2Fv2%2Ftags&post=1273"}],"curies":[{"name":"wp","href":"https:\/\/api.w.org\/{rel}","templated":true}]}}