{"id":1262,"date":"2025-11-13T00:13:00","date_gmt":"2025-11-13T03:13:00","guid":{"rendered":"https:\/\/ccnamazonia.com.br\/?p=1262"},"modified":"2025-11-13T00:13:00","modified_gmt":"2025-11-13T03:13:00","slug":"sarau-do-reino-enaltece-suas-raizes-nordestinas-com-o-ep-naturalmente","status":"publish","type":"post","link":"https:\/\/ccnamazonia.com.br\/?p=1262","title":{"rendered":"Sarau do Reino enaltece suas ra\u00edzes nordestinas com o EP \u201cNaturalmente\u201d"},"content":{"rendered":"<p>Formada pelos irm\u00e3os Jonathan e Junior Gomes, a dupla Sarau do Reino apresenta o EP \u201cNaturalmente\u201d pela Onimusic. O projeto foi produzido pelo duo em parceria com Natano Felipe, Junior Olimpio e Felipe Oliveiro e ressalta a heran\u00e7a nordestina dos acordeonistas.<\/p>\n<p>&#8211; Nosso novo projeto nasce como uma continua\u00e7\u00e3o daquilo que sempre vivemos e carregamos no cora\u00e7\u00e3o. Sempre viajamos registrando paisagens, captando imagens e sons que nos levam \u00e0 contempla\u00e7\u00e3o e nesse novo projeto decidimos partilhar isso de forma mais intencional: aquilo que j\u00e1 v\u00ednhamos fazendo agora ganha vida em um espa\u00e7o dedicado a compartilhar a beleza da cria\u00e7\u00e3o e a presen\u00e7a de Deus nos detalhes. Hoje, trazemos essa mesma ess\u00eancia para todas as plataformas, para que mais pessoas possam contemplar conosco &#8211; afirmam os m\u00fasicos.<\/p>\n<p>A primeira m\u00fasica de trabalho &#8211; \u201cMais Um Dia\u201d &#8211; foi lan\u00e7ada em setembro e trouxe a proposta de ser um convite para \u201crespirar fundo, desacelerar e enxergar a presen\u00e7a de Deus nos detalhes que muitas vezes passam despercebidos\u201d. Al\u00e9m dela, o repert\u00f3rio traz mais cinco faixas que s\u00e3o releituras das can\u00e7\u00f5es \u201cDe Manh\u00e3\u201d, \u201cEle \u00e9 Exaltado\u201d, \u201cMaravilhoso \u00c9s\u201d, \u201cPortas Abertas\u201d e \u201cMais Perto Quero Estar\u201d, que marcaram a trajet\u00f3ria do Sarau do Reino.<\/p>\n<p>&#8211; O nome \u201cNaturalmente\u201d resume tudo o que queremos transmitir: a conex\u00e3o com a simplicidade, com a beleza da vida e com a presen\u00e7a de Deus nos detalhes. Unimos m\u00fasica e imagem para criar uma experi\u00eancia completa feita para tocar o cora\u00e7\u00e3o &#8211; destaca.<\/p>\n<p>Os clipes do projeto foram gravados no Vale do Para\u00edba &#8211; entre as cidades de Taubat\u00e9, Santo Ant\u00f4nio do Pinhal, Pindamonhangaba e Trememb\u00e9 &#8211; e em S\u00e3o Paulo. Todos foram dirigidos por Junior Gomes, que operou a c\u00e2mera e capturou cada momento com sensibilidade.<\/p>\n<p>&#8211; Somos muitos sonhadores e \u00e9 incr\u00edvel olhar para tr\u00e1s e ver que hoje vivemos sonhos que um dia s\u00f3 existiram na nossa imagina\u00e7\u00e3o. No momento, estamos focados no lan\u00e7amento do \u201cNaturalmente\u201d e j\u00e1 temos em mente um novo projeto bem diferente que deve sair at\u00e9 o fim do ano. No ano que vem pensamos em come\u00e7ar um novo document\u00e1rio, mas, por enquanto, estamos aproveitando esse momento e deixando o cora\u00e7\u00e3o cheio de expectativa &#8211; finaliza o Sarau do Reino.<\/p>\n<p><iframe loading=\"lazy\" title=\"Sarau do Reino - Ele \u00e9 Exaltado\" width=\"640\" height=\"360\" src=\"https:\/\/www.youtube.com\/embed\/6MghJdRXUnc?feature=oembed\" frameborder=\"0\" allow=\"accelerometer; autoplay; clipboard-write; encrypted-media; gyroscope; picture-in-picture; web-share\" referrerpolicy=\"strict-origin-when-cross-origin\" allowfullscreen><\/iframe><\/p>\n","protected":false},"excerpt":{"rendered":"<p>Formada pelos irm\u00e3os Jonathan e Junior Gomes, a dupla Sarau do Reino apresenta o EP \u201cNaturalmente\u201d pela Onimusic. O projeto&hellip;<\/p>\n","protected":false},"author":4,"featured_media":1263,"comment_status":"open","ping_status":"open","sticky":false,"template":"","format":"standard","meta":{"footnotes":""},"categories":[336],"tags":[373,372,72,371],"class_list":["post-1262","post","type-post","status-publish","format-standard","has-post-thumbnail","hentry","category-musica","tag-ele-e-exaltado","tag-naturalmente","tag-onimusic","tag-sarau-do-reino"],"aioseo_notices":[],"jetpack_featured_media_url":"https:\/\/ccnamazonia.com.br\/wp-content\/uploads\/2025\/11\/SARAU-scaled.jpeg","_links":{"self":[{"href":"https:\/\/ccnamazonia.com.br\/index.php?rest_route=\/wp\/v2\/posts\/1262","targetHints":{"allow":["GET"]}}],"collection":[{"href":"https:\/\/ccnamazonia.com.br\/index.php?rest_route=\/wp\/v2\/posts"}],"about":[{"href":"https:\/\/ccnamazonia.com.br\/index.php?rest_route=\/wp\/v2\/types\/post"}],"author":[{"embeddable":true,"href":"https:\/\/ccnamazonia.com.br\/index.php?rest_route=\/wp\/v2\/users\/4"}],"replies":[{"embeddable":true,"href":"https:\/\/ccnamazonia.com.br\/index.php?rest_route=%2Fwp%2Fv2%2Fcomments&post=1262"}],"version-history":[{"count":1,"href":"https:\/\/ccnamazonia.com.br\/index.php?rest_route=\/wp\/v2\/posts\/1262\/revisions"}],"predecessor-version":[{"id":1264,"href":"https:\/\/ccnamazonia.com.br\/index.php?rest_route=\/wp\/v2\/posts\/1262\/revisions\/1264"}],"wp:featuredmedia":[{"embeddable":true,"href":"https:\/\/ccnamazonia.com.br\/index.php?rest_route=\/wp\/v2\/media\/1263"}],"wp:attachment":[{"href":"https:\/\/ccnamazonia.com.br\/index.php?rest_route=%2Fwp%2Fv2%2Fmedia&parent=1262"}],"wp:term":[{"taxonomy":"category","embeddable":true,"href":"https:\/\/ccnamazonia.com.br\/index.php?rest_route=%2Fwp%2Fv2%2Fcategories&post=1262"},{"taxonomy":"post_tag","embeddable":true,"href":"https:\/\/ccnamazonia.com.br\/index.php?rest_route=%2Fwp%2Fv2%2Ftags&post=1262"}],"curies":[{"name":"wp","href":"https:\/\/api.w.org\/{rel}","templated":true}]}}