{"id":1222,"date":"2025-10-31T14:55:52","date_gmt":"2025-10-31T17:55:52","guid":{"rendered":"https:\/\/ccnamazonia.com.br\/?p=1222"},"modified":"2025-10-31T14:55:52","modified_gmt":"2025-10-31T17:55:52","slug":"gabriel-guedes-lanca-tudo-vai-ficar-bem-be-alright-com-a-participacao-internacional-de-evan-craft","status":"publish","type":"post","link":"https:\/\/ccnamazonia.com.br\/?p=1222","title":{"rendered":"Gabriel Guedes lan\u00e7a \u201cTudo Vai Ficar Bem (Be Alright)\u201d com a participa\u00e7\u00e3o internacional de Evan Craft"},"content":{"rendered":"<p>Um m\u00eas ap\u00f3s o lan\u00e7amento do EP \u201cO Amor Que Encontrei\u201d, que j\u00e1 fez mais de 1 milh\u00e3o de plays no Spotify e mais de 1 milh\u00e3o de views no YouTube, o cantor Gabriel Guedes traz uma faixa-b\u00f4nus do projeto, que marcou uma fase de experimenta\u00e7\u00f5es na carreira do artista com estilos mais modernos como pop, funk, R&amp;B e reggaeton.<\/p>\n<p>A can\u00e7\u00e3o em quest\u00e3o \u00e9 \u201cTudo Vai Ficar Bem\u201d, primeira vers\u00e3o oficial em portugu\u00eas de \u201cBe Alright\u201d, do cantor norte-americano Evan Craft. A intera\u00e7\u00e3o entre os dois artistas aconteceu em 2021, durante a pandemia da Covid-19, quando Guedes postou um Story cantando essa m\u00fasica.<\/p>\n<p>&#8211; Eu gravei um story que, na \u00e9poca, ainda eram s\u00f3 15 segundos. O Evan respondeu me perguntando se eu falava ingl\u00eas ou espanhol e que a gente precisava lan\u00e7ar essa m\u00fasica em portugu\u00eas. Foi muito incr\u00edvel trocar essa ideia e sonhar com uma possibilidade de grava\u00e7\u00e3o dessa can\u00e7\u00e3o para nosso p\u00fablico aqui no Brasil. A gente voltou a ter um contato atrav\u00e9s das nossas gravadoras &#8211; a Capitol Records que representa o Evan e a Onimusic que me representa aqui. Elas t\u00eam uma \u00f3tima rela\u00e7\u00e3o e da\u00ed surgiu a ideia por parte dele, de colocar essa m\u00fasica dentro do meu novo \u00e1lbum. Demorou quatro anos, mas finalmente chegou o momento certo e creio que foi no tempo de Deus e tudo est\u00e1 correndo de acordo com a vontade dEle &#8211; explica o m\u00fasico.<\/p>\n<p>De acordo com Gabriel Guedes, a produ\u00e7\u00e3o musical foi uma mistura e Evan Craft cedeu os elementos originais da m\u00fasica como o viol\u00e3o, os pads e os efeitos. J\u00e1 no Brasil, ao lado de Abee, que produziu o projeto \u201cO Amor Que Encontrei\u201d, o artista complementou com baterias, baixos e outros elementos.<\/p>\n<p>&#8211; Falei com o Abee o que eu pensava, dando as minhas refer\u00eancias para chegar ao som que a gente tinha em mente. Eu gravei a voz junto com o Evan em Nashville nos est\u00fadios da Capitol Records, em julho deste ano. Ent\u00e3o, foi um momento que n\u00f3s de fato nos conhecemos presencialmente, gravamos as vozes e j\u00e1 gravamos o videoclipe com uma vibe bem intimista e introspectiva. Minha expectativa \u00e9 que essa can\u00e7\u00e3o seja uma mensagem de paz e de refrig\u00e9rio que v\u00e1 de encontro \u00e0s pessoas aflitas, que precisam de paz e de calmaria e que elas sejam alcan\u00e7adas pelo amor de Jesus atrav\u00e9s dessa m\u00fasica &#8211; declara.<\/p>\n<p>Nascido na Calif\u00f3rnia (EUA) e envolvido com a m\u00fasica desde os 12 anos, Evan Craft tem 15 \u00e1lbuns (ingl\u00eas e espanhol) e v\u00e1rios singles lan\u00e7ados. A can\u00e7\u00e3o \u201cBe Alright\u201d foi lan\u00e7ada originalmente em 2021 no \u00e1lbum \u201cDesesperado\u201d e alcan\u00e7ou o primeiro lugar nas paradas ap\u00f3s disparar para o TOP 20 em apenas tr\u00eas semanas. A faixa contou com as participa\u00e7\u00f5es de Danny Gokey e Redimi2, al\u00e9m de ter ganhado uma vers\u00e3o remix com KB e Sam Rivera e em espanhol com Steven Malcolm.<\/p>\n<p>&#8211; &#8220;Be Alright&#8221; foi originalmente escrita em espanhol e se tornou um hino para pessoas em meio ao caos e \u00e0 solid\u00e3o durante a Covid. Escrevemos a m\u00fasica pensando em pessoas lutando contra a ansiedade e a depress\u00e3o e pensando que Deus n\u00e3o as veria em meio \u00e0 sua dor. Mas sabemos que, apesar da realidade da dor e do sofrimento aqui na Terra, Deus far\u00e1 novas todas as coisas. Jesus disse que est\u00e1 preparando um lugar onde n\u00e3o haver\u00e1 mais dor, nem mais l\u00e1grimas e que tudo ficar\u00e1 bem. Nunca imaginamos que a m\u00fasica teria a recep\u00e7\u00e3o que teve, mas todos os envolvidos adoraram ouvir as hist\u00f3rias de pessoas encontrando conforto atrav\u00e9s da m\u00fasica e se conectando com o Esp\u00edrito Santo atrav\u00e9s dela &#8211; compartilha Evan.<\/p>\n<p>Craft afirma que j\u00e1 queria trabalhar com Gabriel Guedes h\u00e1 um bom tempo. \u201cEu queria trabalhar com Gabriel h\u00e1 um tempo, mas a oportunidade foi interrompida por causa da pandemia.\u201d Feliz com o resultado da parceria, ele n\u00e3o descarta lan\u00e7ar outras vers\u00f5es de suas can\u00e7\u00f5es em portugu\u00eas.<\/p>\n<p>&#8211; Gabriel trouxe tanta vida \u00e0 m\u00fasica e sou muito grato por ele traz\u00ea-la para o Brasil e outras comunidades de l\u00edngua portuguesa. A influ\u00eancia, a m\u00fasica e a vida do Gabriel s\u00e3o um exemplo de fidelidade e \u00e9 um privil\u00e9gio trabalhar com ele. Estou muito animado para ver a resposta no Brasil e acredito que esta m\u00fasica ser\u00e1 um conforto para as pessoas em meio ao caos e \u00e0 incerteza que todos enfrentamos como seres humanos. Eu adoraria lan\u00e7ar mais m\u00fasicas em portugu\u00eas. Admiro os m\u00fasicos, cantores e compositores e acredito que eles s\u00e3o alguns dos melhores do mundo inteiro. Eu definitivamente faria eventos se for convidado &#8211; avisa o artista.<\/p>\n<p><iframe loading=\"lazy\" title=\"Tudo Vai Ficar Bem (Be Alright) - Gabriel Guedes de Almeida &amp; Evan Craft\" width=\"640\" height=\"360\" src=\"https:\/\/www.youtube.com\/embed\/6AbKSIiSiCc?feature=oembed\" frameborder=\"0\" allow=\"accelerometer; autoplay; clipboard-write; encrypted-media; gyroscope; picture-in-picture; web-share\" referrerpolicy=\"strict-origin-when-cross-origin\" allowfullscreen><\/iframe><\/p>\n","protected":false},"excerpt":{"rendered":"<p>Um m\u00eas ap\u00f3s o lan\u00e7amento do EP \u201cO Amor Que Encontrei\u201d, que j\u00e1 fez mais de 1 milh\u00e3o de plays&hellip;<\/p>\n","protected":false},"author":4,"featured_media":1223,"comment_status":"open","ping_status":"open","sticky":false,"template":"","format":"standard","meta":{"footnotes":""},"categories":[336],"tags":[356,355,70,354,72,357],"class_list":["post-1222","post","type-post","status-publish","format-standard","has-post-thumbnail","hentry","category-musica","tag-be-alright","tag-evan-craft","tag-gabriel-guedes","tag-o-amor-que-eu-encontrei","tag-onimusic","tag-tudo-vai-ficar-bem"],"aioseo_notices":[],"jetpack_featured_media_url":"https:\/\/ccnamazonia.com.br\/wp-content\/uploads\/2025\/10\/Gabriel-Guedes-e-Evan-Craft-1-scaled.jpg","_links":{"self":[{"href":"https:\/\/ccnamazonia.com.br\/index.php?rest_route=\/wp\/v2\/posts\/1222","targetHints":{"allow":["GET"]}}],"collection":[{"href":"https:\/\/ccnamazonia.com.br\/index.php?rest_route=\/wp\/v2\/posts"}],"about":[{"href":"https:\/\/ccnamazonia.com.br\/index.php?rest_route=\/wp\/v2\/types\/post"}],"author":[{"embeddable":true,"href":"https:\/\/ccnamazonia.com.br\/index.php?rest_route=\/wp\/v2\/users\/4"}],"replies":[{"embeddable":true,"href":"https:\/\/ccnamazonia.com.br\/index.php?rest_route=%2Fwp%2Fv2%2Fcomments&post=1222"}],"version-history":[{"count":1,"href":"https:\/\/ccnamazonia.com.br\/index.php?rest_route=\/wp\/v2\/posts\/1222\/revisions"}],"predecessor-version":[{"id":1224,"href":"https:\/\/ccnamazonia.com.br\/index.php?rest_route=\/wp\/v2\/posts\/1222\/revisions\/1224"}],"wp:featuredmedia":[{"embeddable":true,"href":"https:\/\/ccnamazonia.com.br\/index.php?rest_route=\/wp\/v2\/media\/1223"}],"wp:attachment":[{"href":"https:\/\/ccnamazonia.com.br\/index.php?rest_route=%2Fwp%2Fv2%2Fmedia&parent=1222"}],"wp:term":[{"taxonomy":"category","embeddable":true,"href":"https:\/\/ccnamazonia.com.br\/index.php?rest_route=%2Fwp%2Fv2%2Fcategories&post=1222"},{"taxonomy":"post_tag","embeddable":true,"href":"https:\/\/ccnamazonia.com.br\/index.php?rest_route=%2Fwp%2Fv2%2Ftags&post=1222"}],"curies":[{"name":"wp","href":"https:\/\/api.w.org\/{rel}","templated":true}]}}