{"id":1210,"date":"2025-10-27T11:25:45","date_gmt":"2025-10-27T14:25:45","guid":{"rendered":"https:\/\/ccnamazonia.com.br\/?p=1210"},"modified":"2025-10-27T11:25:45","modified_gmt":"2025-10-27T14:25:45","slug":"gabriela-maganete-lanca-o-ep-nuvem-no-deserto-e-apresenta-o-clipe-da-cancao-vem-o-vento-forte","status":"publish","type":"post","link":"https:\/\/ccnamazonia.com.br\/?p=1210","title":{"rendered":"Gabriela Maganete lan\u00e7a o EP \u201cNuvem no Deserto\u201d e apresenta o clipe da can\u00e7\u00e3o \u201cVem o Vento Forte\u201d"},"content":{"rendered":"<p>Ap\u00f3s estrear em carreira solo com a can\u00e7\u00e3o \u201cNuvem no Deserto\u201d, a cantora Gabriela Maganete lan\u00e7a o seu primeiro EP hom\u00f4nimo que marca a estreia de sua carreira solo. O projeto conta com as can\u00e7\u00f5es autorais \u201cVem o Vento Forte\u201d e \u201cObrigado\u201d.<\/p>\n<p>&#8211; \u201cVem o Vento Forte\u201d surgiu um dia antes do meu pai falecer. Ele estava internado e eu n\u00e3o fazia ideia do que iria acontecer. Essa m\u00fasica nasceu em meu piano, eu e o Esp\u00edrito Santo, em um quarto onde tudo o que pairava no meu cora\u00e7\u00e3o era o medo do dia de amanh\u00e3. Eu sabia que Deus estava comigo, mas era inevit\u00e1vel a ang\u00fastia e a tens\u00e3o desse processo todo. Ela traz o ensinamento de que aos p\u00e9s do Senhor n\u00f3s conseguimos passar por qualquer adversidade. Foi assim comigo, aprendi que aos p\u00e9s dEle, com Ele, eu estou firmada, mesmo que o vento seja muito forte. Com Ele eu consigo! &#8211; afirma Gabriela.<\/p>\n<p>Vocalista h\u00e1 oito anos do Central 3, onde colocou voz em singles como \u201cTudo a Ver Com Ele\u201d, \u201cPara Ti Eu Vou\u201d e \u201cAs Muitas \u00c1guas\u201d, Gabriela Maganete contou com a produ\u00e7\u00e3o musical de Pev\u00ea Brito, que tamb\u00e9m \u00e9 produtor, guitarrista e compositor do Central 3. O EP conta com tr\u00eas can\u00e7\u00f5es autorais que nasceram das experi\u00eancias da cantora, que teve que lidar com a morte do pai e o nascimento da primeira filha, Antonella.<\/p>\n<p>&#8211; \u201cNuvem no Deserto\u201d tem sido um grande testemunho de como Deus usa das nossas cicatrizes para falar e curar outras pessoas. \u00c9 incr\u00edvel como Ele n\u00e3o desperdi\u00e7a nada. Deus tem usado a minha dor para gerar vida, esperan\u00e7a e f\u00e9 em outros cora\u00e7\u00f5es que t\u00eam enfrentado o mesmo processo. Tem sido lindo acompanhar cada mensagem nas plataformas. As pessoas t\u00eam compartilhado os seus testemunhos pessoais relacionados \u00e0 m\u00fasica e estou impactada com a dimens\u00e3o que a m\u00fasica tem tomado &#8211; declara a cantora, que, assim como o Central 3, faz parte do cast da Onimusic.<\/p>\n<p><iframe loading=\"lazy\" title=\"Gabriela Maganete - Vem O Vento Forte (Ao Vivo)\" width=\"640\" height=\"360\" src=\"https:\/\/www.youtube.com\/embed\/ytekxqA23hs?feature=oembed\" frameborder=\"0\" allow=\"accelerometer; autoplay; clipboard-write; encrypted-media; gyroscope; picture-in-picture; web-share\" referrerpolicy=\"strict-origin-when-cross-origin\" allowfullscreen><\/iframe><\/p>\n","protected":false},"excerpt":{"rendered":"<p>Ap\u00f3s estrear em carreira solo com a can\u00e7\u00e3o \u201cNuvem no Deserto\u201d, a cantora Gabriela Maganete lan\u00e7a o seu primeiro EP&hellip;<\/p>\n","protected":false},"author":4,"featured_media":1211,"comment_status":"open","ping_status":"open","sticky":false,"template":"","format":"standard","meta":{"footnotes":""},"categories":[336],"tags":[214,298,299,344,72,343],"class_list":["post-1210","post","type-post","status-publish","format-standard","has-post-thumbnail","hentry","category-musica","tag-central-3","tag-gabriela-maganete","tag-nuvem-no-deserto","tag-obrigado","tag-onimusic","tag-vem-o-vento-forte"],"aioseo_notices":[],"jetpack_featured_media_url":"https:\/\/ccnamazonia.com.br\/wp-content\/uploads\/2025\/10\/Gabriela-Maganete.jpg","_links":{"self":[{"href":"https:\/\/ccnamazonia.com.br\/index.php?rest_route=\/wp\/v2\/posts\/1210","targetHints":{"allow":["GET"]}}],"collection":[{"href":"https:\/\/ccnamazonia.com.br\/index.php?rest_route=\/wp\/v2\/posts"}],"about":[{"href":"https:\/\/ccnamazonia.com.br\/index.php?rest_route=\/wp\/v2\/types\/post"}],"author":[{"embeddable":true,"href":"https:\/\/ccnamazonia.com.br\/index.php?rest_route=\/wp\/v2\/users\/4"}],"replies":[{"embeddable":true,"href":"https:\/\/ccnamazonia.com.br\/index.php?rest_route=%2Fwp%2Fv2%2Fcomments&post=1210"}],"version-history":[{"count":1,"href":"https:\/\/ccnamazonia.com.br\/index.php?rest_route=\/wp\/v2\/posts\/1210\/revisions"}],"predecessor-version":[{"id":1212,"href":"https:\/\/ccnamazonia.com.br\/index.php?rest_route=\/wp\/v2\/posts\/1210\/revisions\/1212"}],"wp:featuredmedia":[{"embeddable":true,"href":"https:\/\/ccnamazonia.com.br\/index.php?rest_route=\/wp\/v2\/media\/1211"}],"wp:attachment":[{"href":"https:\/\/ccnamazonia.com.br\/index.php?rest_route=%2Fwp%2Fv2%2Fmedia&parent=1210"}],"wp:term":[{"taxonomy":"category","embeddable":true,"href":"https:\/\/ccnamazonia.com.br\/index.php?rest_route=%2Fwp%2Fv2%2Fcategories&post=1210"},{"taxonomy":"post_tag","embeddable":true,"href":"https:\/\/ccnamazonia.com.br\/index.php?rest_route=%2Fwp%2Fv2%2Ftags&post=1210"}],"curies":[{"name":"wp","href":"https:\/\/api.w.org\/{rel}","templated":true}]}}