{"id":1198,"date":"2025-10-27T10:20:18","date_gmt":"2025-10-27T13:20:18","guid":{"rendered":"https:\/\/ccnamazonia.com.br\/?p=1198"},"modified":"2025-10-27T10:20:18","modified_gmt":"2025-10-27T13:20:18","slug":"louvorzao-93-promove-grande-show-na-quinta-da-boa-vista-no-feriado-de-20-de-novembro","status":"publish","type":"post","link":"https:\/\/ccnamazonia.com.br\/?p=1198","title":{"rendered":"Louvorz\u00e3o 93 promove grande show na Quinta da Boa Vista no feriado de 20 de novembro"},"content":{"rendered":"<p>Evento tradicional do calend\u00e1rio do Rio de Janeiro desde 2015, o Louvorz\u00e3o 93 tem data marcada para acontecer em 2025: feriado de 20 de novembro. O show, promovido pela R\u00e1dio 93 FM h\u00e1 mais de 30 anos, retorna \u00e0 Quinta da Boa Vista, em S\u00e3o Crist\u00f3v\u00e3o, na Zona Norte, e promete sacudir a cidade maravilhosa a partir das 14h.<\/p>\n<p>O palco do Louvorz\u00e3o 93 vai receber Sarah Farias, Fernanda Brum, Anderson Freire, Samuel Messias, Julliany Souza, Eyshila, Elaine Martins, Lukas Agustinho, Fabiana Sinfr\u00f4nio, Sued Silva, Paulo Neto, Vitor Santana, Kaylane Frauches, Fhop Music, DJ Marcelo Ara\u00fajo, Victin e L\u00e9a Mendon\u00e7a.<\/p>\n<p>De acordo com a diretora da r\u00e1dio, Andrea Maier, a expectativa para esta nova edi\u00e7\u00e3o est\u00e1 l\u00e1 em cima. Com uma hist\u00f3ria de grandes eventos iniciada na d\u00e9cada de 90, a Quinta da Boa Vista foi o primeiro palco da s\u00e9rie de shows promovida pela R\u00e1dio 93 FM.<\/p>\n<p>&#8211; Carregamos uma grande responsabilidade vinda do c\u00e9u que \u00e9 entregar aquilo que Deus quer comunicar para quem estiver no Louvorz\u00e3o. Sabemos que muitos milagres acontecem, que pessoas se conhecem e ali nascem novas fam\u00edlias, que palavras prof\u00e9ticas s\u00e3o liberadas e muitas hist\u00f3rias s\u00e3o reescritas ap\u00f3s cada Louvorz\u00e3o. E retornar \u00e0 Quinta da Boa Vista \u00e9 a realiza\u00e7\u00e3o de um sonho, pois foi naquele local que teve in\u00edcio o palco da nossa hist\u00f3ria &#8211; relata a CEO, que, h\u00e1 mais de 20 anos, est\u00e1 \u00e0 frente de uma das r\u00e1dios FMs mais ouvidas do Rio de Janeiro.<\/p>\n<p>Al\u00e9m de uma mega estrutura de palco montada com muito led e efeitos especiais, a organiza\u00e7\u00e3o do Louvorz\u00e3o 93 garante muitos feats in\u00e9ditos e, segundo Andrea Maier, \u201cum repert\u00f3rio para cantar do G\u00eanesis ao Apocalipse\u201d.<\/p>\n<p>Com patroc\u00ednio da Prefeitura do Rio de Janeiro, do Governo do Estado e da Secretaria de Turismo do Rio de Janeiro, o evento conta ainda com as parcerias da Facility, Tr\u00eas Cora\u00e7\u00f5es, Adonai Supermercados e 4X Solu\u00e7\u00f5es.<\/p>\n<p><strong>SERVI\u00c7O: Louvorz\u00e3o 93<\/strong><br \/>\nData: Feriado, 20 de novembro de 2025<br \/>\nHor\u00e1rio: 14h<br \/>\nLocal: Quinta da Boa Vista &#8211; S\u00e3o Crist\u00f3v\u00e3o &#8211; Rio de Janeiro<br \/>\nEntrada: Gratuita<br \/>\nClassifica\u00e7\u00e3o et\u00e1ria: Livre<br \/>\nAtra\u00e7\u00f5es confirmadas: Sarah Farias, Fernanda Brum, Anderson Freire, Samuel Messias, Julliany Souza, Eyshila, Elaine Martins, Lukas Agustinho, Fabiana Sinfr\u00f4nio, Sued Silva, Paulo Neto, Vitor Santana, Kaylane Frauches, Fhop Music, DJ Marcelo Ara\u00fajo, Victin e L\u00e9a Mendon\u00e7a<\/p>\n","protected":false},"excerpt":{"rendered":"<p>Evento tradicional do calend\u00e1rio do Rio de Janeiro desde 2015, o Louvorz\u00e3o 93 tem data marcada para acontecer em 2025:&hellip;<\/p>\n","protected":false},"author":4,"featured_media":1199,"comment_status":"open","ping_status":"open","sticky":false,"template":"","format":"standard","meta":{"footnotes":""},"categories":[1],"tags":[233,324,27,284,325,327,238,256,246,330,331,332,326,335,328,333,334,29,32,31,329],"class_list":["post-1198","post","type-post","status-publish","format-standard","has-post-thumbnail","hentry","category-blog","tag-anderson-freire","tag-arah-farias","tag-dj-marcelo-araujo","tag-elaine-martins","tag-eyshila","tag-fabiana-sinfronio","tag-fernanda-brum","tag-fhop-music","tag-julliany-souza","tag-kaylane-frauches","tag-lea-mendonca","tag-louvorzao-93","tag-lukas-agustinho","tag-mk-music","tag-paulo-neto","tag-quinta-da-boa-vista","tag-radio-93","tag-samuel-messias","tag-sued-silva","tag-victin","tag-vitor-santana"],"aioseo_notices":[],"jetpack_featured_media_url":"https:\/\/ccnamazonia.com.br\/wp-content\/uploads\/2025\/10\/Louvorzao-93.jpg","_links":{"self":[{"href":"https:\/\/ccnamazonia.com.br\/index.php?rest_route=\/wp\/v2\/posts\/1198","targetHints":{"allow":["GET"]}}],"collection":[{"href":"https:\/\/ccnamazonia.com.br\/index.php?rest_route=\/wp\/v2\/posts"}],"about":[{"href":"https:\/\/ccnamazonia.com.br\/index.php?rest_route=\/wp\/v2\/types\/post"}],"author":[{"embeddable":true,"href":"https:\/\/ccnamazonia.com.br\/index.php?rest_route=\/wp\/v2\/users\/4"}],"replies":[{"embeddable":true,"href":"https:\/\/ccnamazonia.com.br\/index.php?rest_route=%2Fwp%2Fv2%2Fcomments&post=1198"}],"version-history":[{"count":1,"href":"https:\/\/ccnamazonia.com.br\/index.php?rest_route=\/wp\/v2\/posts\/1198\/revisions"}],"predecessor-version":[{"id":1200,"href":"https:\/\/ccnamazonia.com.br\/index.php?rest_route=\/wp\/v2\/posts\/1198\/revisions\/1200"}],"wp:featuredmedia":[{"embeddable":true,"href":"https:\/\/ccnamazonia.com.br\/index.php?rest_route=\/wp\/v2\/media\/1199"}],"wp:attachment":[{"href":"https:\/\/ccnamazonia.com.br\/index.php?rest_route=%2Fwp%2Fv2%2Fmedia&parent=1198"}],"wp:term":[{"taxonomy":"category","embeddable":true,"href":"https:\/\/ccnamazonia.com.br\/index.php?rest_route=%2Fwp%2Fv2%2Fcategories&post=1198"},{"taxonomy":"post_tag","embeddable":true,"href":"https:\/\/ccnamazonia.com.br\/index.php?rest_route=%2Fwp%2Fv2%2Ftags&post=1198"}],"curies":[{"name":"wp","href":"https:\/\/api.w.org\/{rel}","templated":true}]}}